{"id":29160,"date":"2020-10-31T14:11:01","date_gmt":"2020-10-31T13:11:01","guid":{"rendered":"https:\/\/ofmconv.net\/spagna-anno-santo-compostelano-2021\/"},"modified":"2020-10-31T14:13:38","modified_gmt":"2020-10-31T13:13:38","slug":"spagna-anno-santo-compostelano-2021","status":"publish","type":"post","link":"https:\/\/www.ofmconv.net\/pl\/spagna-anno-santo-compostelano-2021\/","title":{"rendered":"Hiszpania: Rok \u015awi\u0119ty Compostela\u0144ski 2021"},"content":{"rendered":"<p><strong>Misja franciszkan\u00f3w w schronisku parafialnym \u015bw. Miko\u0142aja z Fl\u00fce w Ponferrada (prowincja Le\u00f3n w Hiszpanii), zale\u017cnym od bazyliki parafialnej \u201eSanta Mar\u00eda de La Encina\u201d, polega na opiece duchowej nad pielgrzymami i dawaniu \u015bwiadectwa \u017cycia franciszka\u0144skiego. Odbywa si\u0119 to w go\u015bcinnej atmosferze w kaplicy i o\u015brodku recepcyjnym.<\/strong><\/p>\n<p>Zakonnicy z r\u00f3\u017cnych prowincji Zakonu podejmuj\u0105 razem ze \u015bwieckimi wolontariuszami pos\u0142ug\u0119 przyj\u0119cia i opieki nad pielgrzymami id\u0105cymi do Santiago de Compostela, kt\u00f3rzy w najbardziej zr\u00f3\u017cnicowanych sytuacjach ekonomicznych, j\u0119zykowych, religijnych i osobistych przybywaj\u0105 tu z ca\u0142ego \u015bwiata. \u017bycie braterskie w prostocie, modlitwie i pracy, organizowane w porozumieniu z kap\u0142anami z bazyliki \u201eSanta Mar\u00eda de La Encina\u201d, patronki Bierzo (obszar rolniczy i wydobywczy w okolicach Le\u00f3n), stanowi sceneri\u0119 dla tego do\u015bwiadczenia, kt\u00f3re zosta\u0142o uj\u0119te w czteroletnim planie prowincji Naszej Pani z Montserrat w Hiszpanii oraz w sze\u015bcioletnim planie Zakonu: \u201ePodejmowanie inicjatyw w duchu nowej ewangelizacji\u201d.<br \/>\nSytuacja pandemiczna, kt\u00f3ra od zesz\u0142ej zimy doskwiera i zagra\u017ca wszystkim, sprawi\u0142a, \u017ce nasza dzia\u0142alno\u015b\u0107 w Ponferrada jest troch\u0119 inna ni\u017c dotychczas. W tym roku liczba pielgrzym\u00f3w znacznie spad\u0142a. Normy sanitarne w schronisku by\u0142y surowe, a bracia zapewnili swoj\u0105 obecno\u015b\u0107 w mniejszej liczbie i w dw\u00f3ch r\u00f3\u017cnych okresach sierpnia. Grupa wolontariuszy zawsze by\u0142a ta sama (cztery lub pi\u0119\u0107 os\u00f3b doros\u0142ych), a zatem zadania zwi\u0105zane z przyj\u0119ciem pielgrzym\u00f3w by\u0142y dobrze spe\u0142niane.<br \/>\nZakonnicy s\u0105 obecni na szlaku pielgrzymkowym \u015bw. Jakuba do Santiago de Compostela od 13 lat (obs\u0142uguj\u0105 te\u017c inne punkty pielgrzymkowe ni\u017c schronisko) i jest to sta\u0142a obecno\u015b\u0107. S\u0105 lubiani w \u015brodowisku parafialnym i w Ponferrada. Dobra wsp\u00f3\u0142praca z kap\u0142anami, kt\u00f3rzy wspieraj\u0105 przyjmowanie pielgrzym\u00f3w przez ca\u0142y rok, oraz ze \u015bwieckimi, kt\u00f3rzy koordynuj\u0105 r\u00f3\u017cne pos\u0142ugi, doprowadzi\u0142a do powstania prawdziwie chrze\u015bcija\u0144skiej wsp\u00f3lnoty s\u0142u\u017cby i troski o ludzi, podejmowanej w jedno\u015bci z apostolskimi korzeniami przekazywania wiary w Hiszpanii i Europie.<br \/>\nRok 2021 to Rok \u015awi\u0119ty Compostela\u0144ski! Z tej okazji prowincja franciszkan\u00f3w w Hiszpanii przygotowuje spotkanie w Ponferrada dla wszystkich braci, kt\u00f3rzy w ostatnich latach zajmowali si\u0119 pielgrzymami. S\u0105 to bracia z ca\u0142ego \u015bwiata: W\u0142och, Niemiec, Francji, Rumunii, Polski, Hiszpanii, USA, Ameryki \u0141aci\u0144skiej, Kenii, Tanzanii, Korei Po\u0142udniowej, Indonezji. Podczas tego spotkania, kt\u00f3re odb\u0119dzie si\u0119 po uroczysto\u015bciach \u015bw. Franciszka z Asy\u017cu w pa\u017adzierniku 2021 r., odnowimy pami\u0119\u0107 o minionych latach wsp\u00f3lnej obecno\u015bci na drodze \u015bw. Jakuba, prze\u017cyjemy razem jubileusz sanktuarium w Santiago de Compostela i spr\u00f3bujemy okre\u015bli\u0107 przysz\u0142o\u015b\u0107 naszej obecno\u015bci na tym europejskim i \u015bwiatowym szlaku pielgrzymim.<br \/>\nZaproszeni wkr\u00f3tce otrzymaj\u0105 wszystkie informacje dotycz\u0105ce terminu spotkania.<br \/>\nJeden z etap\u00f3w obchod\u00f3w odb\u0119dzie si\u0119 w Villafranca del Bierzo, gdzie czczone s\u0105 doczesne szcz\u0105tki \u015bw. Wawrzy\u0144ca z Brindisi. Siostry klaryski, kt\u00f3re strzeg\u0105 jego grobu, podejm\u0105 braci na modlitwie w po\u015bwi\u0119conej mu kaplicy. Ten, kt\u00f3ry przemierza\u0142 tak wiele dr\u00f3g w niesieniu pojednania spo\u0142eczno-politycznego i w celu g\u0142oszenia Ewangelii, mo\u017ce jeszcze dzi\u015b otworzy\u0107 nowe \u015bcie\u017cki misyjne na starym kontynencie.<br \/>\nZe wzgl\u0119du na niepewn\u0105 sytuacj\u0119 spo\u0142eczn\u0105 i zagro\u017cenie sanitarne nie mo\u017cna przewidzie\u0107, czy nasz projekt odb\u0119dzie si\u0119 w zaplanowanym terminie, ale w ka\u017cdym razie zrobimy wszystko, by wsp\u00f3lnie prze\u017cywa\u0107 jubileusz.<\/p>\n<p style=\"text-align: right;\">Fr. Joaqu\u00edn \u00c1ngel AGESTA CUEVAS<\/p>\nngg_shortcode_0_placeholder\n","protected":false},"excerpt":{"rendered":"<p>Misja franciszkan\u00f3w w schronisku parafialnym \u015bw. Miko\u0142aja z Fl\u00fce w Ponferrada (prowincja Le\u00f3n w Hiszpanii), zale\u017cnym od bazyliki parafialnej \u201eSanta Mar\u00eda de La Encina\u201d, polega na opiece duchowej nad pielgrzymami i dawaniu \u015bwiadectwa \u017cycia franciszka\u0144skiego. Odbywa si\u0119 to w go\u015bcinnej atmosferze w kaplicy i o\u015brodku recepcyjnym. Zakonnicy z r\u00f3\u017cnych prowincji Zakonu podejmuj\u0105 razem ze \u015bwieckimi [&hellip;]<\/p>\n","protected":false},"author":1,"featured_media":29156,"comment_status":"closed","ping_status":"open","sticky":false,"template":"","format":"standard","meta":{"ngg_post_thumbnail":0,"footnotes":""},"categories":[131,118,149],"tags":[897,896],"class_list":["post-29160","post","type-post","status-publish","format-standard","has-post-thumbnail","category-federacje","category-fimp-pl","category-wiadomosci","tag-hiszpania","tag-spagna-pl"],"_links":{"self":[{"href":"https:\/\/www.ofmconv.net\/pl\/wp-json\/wp\/v2\/posts\/29160","targetHints":{"allow":["GET"]}}],"collection":[{"href":"https:\/\/www.ofmconv.net\/pl\/wp-json\/wp\/v2\/posts"}],"about":[{"href":"https:\/\/www.ofmconv.net\/pl\/wp-json\/wp\/v2\/types\/post"}],"author":[{"embeddable":true,"href":"https:\/\/www.ofmconv.net\/pl\/wp-json\/wp\/v2\/users\/1"}],"replies":[{"embeddable":true,"href":"https:\/\/www.ofmconv.net\/pl\/wp-json\/wp\/v2\/comments?post=29160"}],"version-history":[{"count":0,"href":"https:\/\/www.ofmconv.net\/pl\/wp-json\/wp\/v2\/posts\/29160\/revisions"}],"wp:featuredmedia":[{"embeddable":true,"href":"https:\/\/www.ofmconv.net\/pl\/wp-json\/wp\/v2\/media\/29156"}],"wp:attachment":[{"href":"https:\/\/www.ofmconv.net\/pl\/wp-json\/wp\/v2\/media?parent=29160"}],"wp:term":[{"taxonomy":"category","embeddable":true,"href":"https:\/\/www.ofmconv.net\/pl\/wp-json\/wp\/v2\/categories?post=29160"},{"taxonomy":"post_tag","embeddable":true,"href":"https:\/\/www.ofmconv.net\/pl\/wp-json\/wp\/v2\/tags?post=29160"}],"curies":[{"name":"wp","href":"https:\/\/api.w.org\/{rel}","templated":true}]}}