{"id":29889,"date":"2020-12-04T17:55:27","date_gmt":"2020-12-04T16:55:27","guid":{"rendered":"https:\/\/ofmconv.net\/giappone-capitolo-provinciale-ordinario-parte-i\/"},"modified":"2020-12-04T17:58:11","modified_gmt":"2020-12-04T16:58:11","slug":"giappone-capitolo-provinciale-ordinario-parte-i","status":"publish","type":"post","link":"https:\/\/www.ofmconv.net\/pl\/giappone-capitolo-provinciale-ordinario-parte-i\/","title":{"rendered":"Japonia: kapitu\u0142a prowincjalna zwyczajna \u2013 cz\u0119\u015b\u0107 I"},"content":{"rendered":"<p><strong>W dniach od 30 listopada do 4 grudnia 2020 r., w o\u015brodku rekolekcyjnym pasjonist\u00f3w w Munakata (Fukuoka), odby\u0142a si\u0119 16. kapitu\u0142a prowincjalna zwyczajna prowincji Niepokalanego Pocz\u0119cia NMP w Japonii.<\/strong><\/p>\n<p>W obradach wzi\u0119\u0142o udzia\u0142 18 ojc\u00f3w kapitulnych oraz asystent generalny FAMC (Federation of Asian Minor Conventuals) fr. Benedetto BAEK jako delegat ministra generalnego.<br \/>\nMinister generalny zatwierdzi\u0142 telefonicznie fr. Lucas (Shin-ichiroh) TANIZAKI na nowego ministra prowincjalnego, wybranego w g\u0142osowaniu listownym 10 pa\u017adziernika 2020 r.<br \/>\nW sk\u0142ad nowego definitorium prowincjalnego weszli: fr. Ioannes Baptista (Masatoshi) YAMAGUCHI \u2013 wikariusz prowincji, fr. Marcus (Keiichi) OMIZU \u2013 sekretarz prowincji, fr. Josephus (Sin Hyoung) LEE \u2013 ekonom prowincji, fr. Caecilianus (Mitsuharu) AKAO \u2013 definitor.<br \/>\nDruga cz\u0119\u015b\u0107 kapitu\u0142y odb\u0119dzie si\u0119 w dniach 25-29 stycznia 2021 r. w klasztorze Seibo-no-Kishi Shudoin w Nagasaki.<\/p>\n<p style=\"text-align: right;\">Fr. Benedetto BAEK, asystent generalny FAMC<\/p>\nngg_shortcode_0_placeholder\n","protected":false},"excerpt":{"rendered":"<p>W dniach od 30 listopada do 4 grudnia 2020 r., w o\u015brodku rekolekcyjnym pasjonist\u00f3w w Munakata (Fukuoka), odby\u0142a si\u0119 16. kapitu\u0142a prowincjalna zwyczajna prowincji Niepokalanego Pocz\u0119cia NMP w Japonii. W obradach wzi\u0119\u0142o udzia\u0142 18 ojc\u00f3w kapitulnych oraz asystent generalny FAMC (Federation of Asian Minor Conventuals) fr. Benedetto BAEK jako delegat ministra generalnego. Minister generalny zatwierdzi\u0142 [&hellip;]<\/p>\n","protected":false},"author":1,"featured_media":29885,"comment_status":"closed","ping_status":"open","sticky":false,"template":"","format":"standard","meta":{"ngg_post_thumbnail":0,"footnotes":""},"categories":[111,131,149],"tags":[966,971,193],"class_list":["post-29889","post","type-post","status-publish","format-standard","has-post-thumbnail","category-famc-pl","category-federacje","category-wiadomosci","tag-giappone-pl","tag-japonia","tag-kapitula"],"_links":{"self":[{"href":"https:\/\/www.ofmconv.net\/pl\/wp-json\/wp\/v2\/posts\/29889","targetHints":{"allow":["GET"]}}],"collection":[{"href":"https:\/\/www.ofmconv.net\/pl\/wp-json\/wp\/v2\/posts"}],"about":[{"href":"https:\/\/www.ofmconv.net\/pl\/wp-json\/wp\/v2\/types\/post"}],"author":[{"embeddable":true,"href":"https:\/\/www.ofmconv.net\/pl\/wp-json\/wp\/v2\/users\/1"}],"replies":[{"embeddable":true,"href":"https:\/\/www.ofmconv.net\/pl\/wp-json\/wp\/v2\/comments?post=29889"}],"version-history":[{"count":0,"href":"https:\/\/www.ofmconv.net\/pl\/wp-json\/wp\/v2\/posts\/29889\/revisions"}],"wp:featuredmedia":[{"embeddable":true,"href":"https:\/\/www.ofmconv.net\/pl\/wp-json\/wp\/v2\/media\/29885"}],"wp:attachment":[{"href":"https:\/\/www.ofmconv.net\/pl\/wp-json\/wp\/v2\/media?parent=29889"}],"wp:term":[{"taxonomy":"category","embeddable":true,"href":"https:\/\/www.ofmconv.net\/pl\/wp-json\/wp\/v2\/categories?post=29889"},{"taxonomy":"post_tag","embeddable":true,"href":"https:\/\/www.ofmconv.net\/pl\/wp-json\/wp\/v2\/tags?post=29889"}],"curies":[{"name":"wp","href":"https:\/\/api.w.org\/{rel}","templated":true}]}}