{"id":30338,"date":"2020-12-18T17:22:45","date_gmt":"2020-12-18T16:22:45","guid":{"rendered":"https:\/\/ofmconv.net\/camposampiero-ordinazione-diaconale\/"},"modified":"2020-12-18T17:26:52","modified_gmt":"2020-12-18T16:26:52","slug":"camposampiero-ordinazione-diaconale","status":"publish","type":"post","link":"https:\/\/www.ofmconv.net\/pl\/camposampiero-ordinazione-diaconale\/","title":{"rendered":"W\u0142ochy: \u015bwi\u0119cenia diakonatu"},"content":{"rendered":"<p><strong>W sobot\u0119 12 grudnia 2020 r., w sanktuarium \u015bw. Jana Chrzciciela i \u015bw. Antoniego (bardziej znanego jako sanktuarium wizji Dzieci\u0105tka Jezus) w Camposampiero ko\u0142o Padwy, sze\u015bciu braci z Zakonu Braci Mniejszych Konwentualnych zosta\u0142o wy\u015bwi\u0119conych na diakon\u00f3w.<\/strong><\/p>\n<p>W ich gronie jest trzech wsp\u00f3\u0142braci z prowincji w\u0142oskiej \u015bw. Antoniego z Padwy (W\u0142ochy P\u00f3\u0142nocne): fr. Alberto TONELLO, fr. Anicet NGENDANDUMWE, fr. Simone PAGNONI; dw\u00f3ch z prowincji \u015bw. J\u00f3zefa Oblubie\u0144ca NMP w Rumunii, odbywaj\u0105cy studia teologiczne w Padwie: fr. Gabriel BEJAN, fr. Marius-Marcel DOBO\u015e; jeden z delegatury prowincjalnej w Wietnamie, nale\u017c\u0105cej do prowincji \u015bw. J\u00f3zefa z Kupertynu w USA, przebywaj\u0105cy na studiach w Rzymie: fr. Dominc Th\u00e0nh Nghia HO\u00c0NG.<br \/>\nW tych do\u015b\u0107 trudnych i niepewnych czasach prawdziwie wielk\u0105 rado\u015bci\u0105 by\u0142o przyj\u0119cie daru nowych \u015bwi\u0119ce\u0144. Wymowniejsze jest jeszcze to, \u017ce obrz\u0119dom \u015bwi\u0119ce\u0144 przewodniczy\u0142 abp Marco TASCA, by\u0142y minister generalny Zakonu, kt\u00f3ry wywodzi si\u0119 z prowincji padewskiej i niedawno zosta\u0142 mianowany biskupem Genui.<\/p>\n<p style=\"text-align: right;\">Redakcja<\/p>\nngg_shortcode_0_placeholder\n","protected":false},"excerpt":{"rendered":"<p>W sobot\u0119 12 grudnia 2020 r., w sanktuarium \u015bw. Jana Chrzciciela i \u015bw. Antoniego (bardziej znanego jako sanktuarium wizji Dzieci\u0105tka Jezus) w Camposampiero ko\u0142o Padwy, sze\u015bciu braci z Zakonu Braci Mniejszych Konwentualnych zosta\u0142o wy\u015bwi\u0119conych na diakon\u00f3w. W ich gronie jest trzech wsp\u00f3\u0142braci z prowincji w\u0142oskiej \u015bw. Antoniego z Padwy (W\u0142ochy P\u00f3\u0142nocne): fr. Alberto TONELLO, fr. [&hellip;]<\/p>\n","protected":false},"author":1,"featured_media":30334,"comment_status":"closed","ping_status":"open","sticky":false,"template":"","format":"standard","meta":{"ngg_post_thumbnail":0,"footnotes":""},"categories":[131,118,149],"tags":[2152,1002,2154],"class_list":["post-30338","post","type-post","status-publish","format-standard","has-post-thumbnail","category-federacje","category-fimp-pl","category-wiadomosci","tag-italia-nord-pl","tag-swiecenia-diakonatu","tag-wlochy-polnoc"],"_links":{"self":[{"href":"https:\/\/www.ofmconv.net\/pl\/wp-json\/wp\/v2\/posts\/30338","targetHints":{"allow":["GET"]}}],"collection":[{"href":"https:\/\/www.ofmconv.net\/pl\/wp-json\/wp\/v2\/posts"}],"about":[{"href":"https:\/\/www.ofmconv.net\/pl\/wp-json\/wp\/v2\/types\/post"}],"author":[{"embeddable":true,"href":"https:\/\/www.ofmconv.net\/pl\/wp-json\/wp\/v2\/users\/1"}],"replies":[{"embeddable":true,"href":"https:\/\/www.ofmconv.net\/pl\/wp-json\/wp\/v2\/comments?post=30338"}],"version-history":[{"count":0,"href":"https:\/\/www.ofmconv.net\/pl\/wp-json\/wp\/v2\/posts\/30338\/revisions"}],"wp:featuredmedia":[{"embeddable":true,"href":"https:\/\/www.ofmconv.net\/pl\/wp-json\/wp\/v2\/media\/30334"}],"wp:attachment":[{"href":"https:\/\/www.ofmconv.net\/pl\/wp-json\/wp\/v2\/media?parent=30338"}],"wp:term":[{"taxonomy":"category","embeddable":true,"href":"https:\/\/www.ofmconv.net\/pl\/wp-json\/wp\/v2\/categories?post=30338"},{"taxonomy":"post_tag","embeddable":true,"href":"https:\/\/www.ofmconv.net\/pl\/wp-json\/wp\/v2\/tags?post=30338"}],"curies":[{"name":"wp","href":"https:\/\/api.w.org\/{rel}","templated":true}]}}