{"id":31307,"date":"2021-01-23T13:05:45","date_gmt":"2021-01-23T12:05:45","guid":{"rendered":"https:\/\/ofmconv.net\/?p=31307"},"modified":"2021-01-22T20:05:05","modified_gmt":"2021-01-22T19:05:05","slug":"nuovo-preside-della-facolta-s-bonaventura","status":"publish","type":"post","link":"https:\/\/www.ofmconv.net\/pl\/nuovo-preside-della-facolta-s-bonaventura\/","title":{"rendered":"Nowy dziekan Papieskiego Wydzia\u0142u Teologicznego \u015aw. Bonawentury"},"content":{"rendered":"<p><strong>W dniu 14 stycznia 2021 r. Kongregacja Edukacji Katolickiej mianowa\u0142a fr. Raffaele DI MURO OFMConv dziekanem <a href=\"https:\/\/www.seraphicum.org\/\">Papieskiego Wydzia\u0142u Teologicznego \u015aw. Bonawentury<\/a> w Rzymie na okres trzech lat.<\/strong><\/p>\n<p>Nowo mianowany dziekan nale\u017cy do prowincji serafickiego ojca \u015bw. Franciszka we W\u0142oszech (Neapol). Urodzi\u0142 si\u0119 25 marca 1969 r. w Lucera. \u015aluby czasowe z\u0142o\u017cy\u0142 29 sierpnia 1997 r., a \u015bluby wieczyste 9 wrze\u015bnia 2000 r. \u015awi\u0119cenia diakonatu przyj\u0105\u0142 24 marca 2001 r., za\u015b \u015bwi\u0119cenia prezbiteratu otrzyma\u0142 11 sierpnia 2001 r. w Lucera z r\u0105k bp. Francesco ZERRILLO, ordynariusza diecezji Lucera-Troia.<br \/>\nUzyska\u0142 dyplom uko\u0144czenia nauk politycznych na Uniwersytecie w Bari (26 czerwca 1996 r.), dyplom z grafologii w Wy\u017cszej Szkole Grafologii \u201eG. Moretti\u201d w Rzymie (12 czerwca 2001 r.) oraz doktorat z teologii na Papieskim Wydziale Teologicznym \u015aw. Bonawentury w Rzymie (23 pa\u017adziernika 2004 r.).<br \/>\nObecnie na Wydziale \u015aw. Bonawentury pe\u0142ni nast\u0119puj\u0105ce funkcje: profesora zwyczajnego teologii duchowo\u015bci i duchowo\u015bci franciszka\u0144skiej, kierownika katedry kolbia\u0144skiej, koordynatora licencjat\u00f3w z franciszkanizmu, dyrektora szko\u0142y grafologii Seraphicum i ekonoma.<br \/>\nZapewniamy naszego wsp\u00f3\u0142brata o blisko\u015bci i modlitwie w intencji jego nowej pos\u0142ugi dla Zakonu i Ko\u015bcio\u0142a.<\/p>\n<p style=\"text-align: right;\">Redakcja<\/p>\nngg_shortcode_0_placeholder\n","protected":false},"excerpt":{"rendered":"<p>W dniu 14 stycznia 2021 r. Kongregacja Edukacji Katolickiej mianowa\u0142a fr. Raffaele DI MURO OFMConv dziekanem Papieskiego Wydzia\u0142u Teologicznego \u015aw. Bonawentury w Rzymie na okres trzech lat. Nowo mianowany dziekan nale\u017cy do prowincji serafickiego ojca \u015bw. Franciszka we W\u0142oszech (Neapol). Urodzi\u0142 si\u0119 25 marca 1969 r. w Lucera. \u015aluby czasowe z\u0142o\u017cy\u0142 29 sierpnia 1997 r., [&hellip;]<\/p>\n","protected":false},"author":1,"featured_media":31303,"comment_status":"closed","ping_status":"open","sticky":false,"template":"","format":"standard","meta":{"ngg_post_thumbnail":0,"footnotes":""},"categories":[144,149],"tags":[1799,1524],"class_list":["post-31307","post","type-post","status-publish","format-standard","has-post-thumbnail","category-ufficio-comunicazioni-pl","category-wiadomosci","tag-nomina-pl","tag-nominacja"],"_links":{"self":[{"href":"https:\/\/www.ofmconv.net\/pl\/wp-json\/wp\/v2\/posts\/31307","targetHints":{"allow":["GET"]}}],"collection":[{"href":"https:\/\/www.ofmconv.net\/pl\/wp-json\/wp\/v2\/posts"}],"about":[{"href":"https:\/\/www.ofmconv.net\/pl\/wp-json\/wp\/v2\/types\/post"}],"author":[{"embeddable":true,"href":"https:\/\/www.ofmconv.net\/pl\/wp-json\/wp\/v2\/users\/1"}],"replies":[{"embeddable":true,"href":"https:\/\/www.ofmconv.net\/pl\/wp-json\/wp\/v2\/comments?post=31307"}],"version-history":[{"count":0,"href":"https:\/\/www.ofmconv.net\/pl\/wp-json\/wp\/v2\/posts\/31307\/revisions"}],"wp:featuredmedia":[{"embeddable":true,"href":"https:\/\/www.ofmconv.net\/pl\/wp-json\/wp\/v2\/media\/31303"}],"wp:attachment":[{"href":"https:\/\/www.ofmconv.net\/pl\/wp-json\/wp\/v2\/media?parent=31307"}],"wp:term":[{"taxonomy":"category","embeddable":true,"href":"https:\/\/www.ofmconv.net\/pl\/wp-json\/wp\/v2\/categories?post=31307"},{"taxonomy":"post_tag","embeddable":true,"href":"https:\/\/www.ofmconv.net\/pl\/wp-json\/wp\/v2\/tags?post=31307"}],"curies":[{"name":"wp","href":"https:\/\/api.w.org\/{rel}","templated":true}]}}