{"id":31470,"date":"2021-01-30T17:02:09","date_gmt":"2021-01-30T16:02:09","guid":{"rendered":"https:\/\/ofmconv.net\/ricordo-di-fra-angelo-panzica-missionario-in-zambia\/"},"modified":"2021-01-30T17:08:49","modified_gmt":"2021-01-30T16:08:49","slug":"ricordo-di-fra-angelo-panzica-missionario-in-zambia","status":"publish","type":"post","link":"https:\/\/www.ofmconv.net\/pl\/ricordo-di-fra-angelo-panzica-missionario-in-zambia\/","title":{"rendered":"Wspomnienie o fr. Angelo PANZICA, misjonarzu w Zambii"},"content":{"rendered":"<p><strong>Dnia 25 stycznia 2021 r., w wieku 81 lat, zmar\u0142 nasz wsp\u00f3\u0142brat fr. Angelo PANZICA. Przez 52 lata by\u0142 misjonarzem w Zambii.<\/strong><\/p>\n<p>Urodzi\u0142 si\u0119 22 sierpnia 1939 r. w Marianopoli (W\u0142ochy). \u015aluby czasowe z\u0142o\u017cy\u0142 4 pa\u017adziernika 1958 r., a \u015bluby wieczyste 30 wrze\u015bnia 1962 r. \u015awi\u0119cenia kap\u0142a\u0144skie przyj\u0105\u0142 18 grudnia 1965 r. Najpierw nale\u017ca\u0142 do prowincji \u015bwi\u0119tych Agaty i \u0141ucji we W\u0142oszech (Sycylia), ale p\u00f3\u017aniej transfiliowa\u0142 si\u0119 na sta\u0142e do prowincji \u015bwi\u0119tych pierwszych m\u0119czennik\u00f3w franciszka\u0144skich w Zambii.<br \/>\nPierwsze dwa lata kap\u0142a\u0144stwa po\u015bwi\u0119ci\u0142 dzia\u0142alno\u015bci duszpasterskiej w parafii Naj\u015bwi\u0119tszego Serca Pana Jezusa w Palermo, wyr\u00f3\u017cniaj\u0105c si\u0119 altruizmem i mi\u0142o\u015bci\u0105 do ubogich i do najbardziej potrzebuj\u0105cych. Do\u015b\u0107 szybko wyrazi\u0142 prze\u0142o\u017conym pragnienie wyjazdu na misje. Z tego wzgl\u0119du uda\u0142 si\u0119 do Anglii, aby udoskonali\u0107 znajomo\u015b\u0107 j\u0119zyka angielskiego, za\u015b 18 grudnia 1969 r. wyjecha\u0142 do Zambii, do\u0142\u0105czaj\u0105c do dw\u00f3ch wsp\u00f3\u0142braci z Sycylii: fr. Leone CUSIMANO i fr. Giuseppe SCOMA.<br \/>\nPodczas d\u0142ugich lat pobytu w Zambii by\u0142 gwardianem i proboszczem we wsp\u00f3lnotach w Kililabombwe, Kitwe, Makeni, Lusace i Ibenga, troszcz\u0105c si\u0119 szczeg\u00f3lnie o prac\u0119 duszpastersk\u0105 w wioskach i w ma\u0142o dost\u0119pnych miejscach. Najbardziej intensywny okres jego pos\u0142ugi przypad\u0142 na lata 1975-1993, gdy b\u0119d\u0105c w klasztorze \u015bw. Franciszka z Asy\u017cu w Lusace prowadzi\u0142 niestrudzon\u0105 dzia\u0142alno\u015b\u0107 duszpastersk\u0105 i wybudowa\u0142 du\u017cy ko\u015bci\u00f3\u0142 ku czci Kr\u00f3lowej Pokoju (przeznaczone do niego dzwony po\u015bwi\u0119ci\u0142 papie\u017c Jan Pawe\u0142 II). W latach 1996-2021 przebywa\u0142 w Ibenga (St. Theresa Mission) i zbudowa\u0142 tam dom rekolekcyjny, gospodarstwo rolne oraz za\u0142o\u017cy\u0142 przedszkole, aby pom\u00f3c osieroconym dzieciom z okolicznych wiosek.<br \/>\n\u201eZe wzgl\u0119du na sw\u00f3j przedsi\u0119biorczy charakter, niezwykle dynamiczny, wszechstronny w inicjatywach trudnych do por\u00f3wnania \u2013 pisa\u0142 fr. Anselmo BONFIGLI, kt\u00f3ry wraz z nim przez pi\u0119\u0107 lat by\u0142 na misjach w Makeni \u2013 oddzia\u0142ywa\u0142 swoj\u0105 energi\u0105 i silnym impulsem misyjnym na budowanie \u017cywych wsp\u00f3lnot, ko\u015bcio\u0142\u00f3w i kaplic, dom\u00f3w dla ubogich w wielu wioskach, animuj\u0105c ch\u00f3ry ko\u015bcielne i podejmuj\u0105c tw\u00f3rcze inicjatywy, zak\u0142adaj\u0105c dzie\u0142a spo\u0142eczne, charytatywne i edukacyjne\u201d.<br \/>\nDwa lata temu, z powodu udaru, ograniczy\u0142 swoj\u0105 dzia\u0142alno\u015b\u0107 duszpastersk\u0105, a ostatnio zachorowa\u0142 na Covid-19. Po pobycie w szpitalu, gdzie by\u0142 pod\u0142\u0105czony do tlenu, zmar\u0142 w swoim pokoju w klasztorze w Ibenga.<br \/>\nPodczas swojej 52-letniej dzia\u0142alno\u015bci misyjnej fr. Angelo PANZICA otrzyma\u0142 r\u00f3\u017cne odznaczenia od rz\u0105du zambijskiego za prowadzenie licznych dzie\u0142 charytatywnych na rzecz miejscowej ludno\u015bci.<br \/>\nObrz\u0119dom pogrzebowym w dniu 27 stycznia przewodniczy\u0142 minister prowincjalny fr. Ferena LAMBE. Cia\u0142o zmar\u0142ego z\u0142o\u017cono na cmentarzu klasztornym w Ibenga, obok grobu s\u0142ugi Bo\u017cego bp. Francesco MAZZIERI OFMConv.<br \/>\nW 2011 r. fr. Angelo opowiedzia\u0142 o swojej intensywnej dzia\u0142alno\u015bci misyjnej w ksi\u0105\u017cce zatytu\u0142owanej <em>C\u2019era una volta\u2026 e c\u2019\u00e8 ancora<\/em> (<em>By\u0142o to pewnego razu\u2026 i jest nadal<\/em>), w kt\u00f3rej zebra\u0142 rozliczne do\u015bwiadczenia, opowie\u015bci i anegdoty z \u017cycia sp\u0119dzonego po\u015br\u00f3d swego ludu.<\/p>\n<p style=\"text-align: right;\">Fr. Paolo FIASCONARO, dyrektor Franciszka\u0144skiego Centrum Misyjnego<\/p>\nngg_shortcode_0_placeholder\n","protected":false},"excerpt":{"rendered":"<p>Dnia 25 stycznia 2021 r., w wieku 81 lat, zmar\u0142 nasz wsp\u00f3\u0142brat fr. Angelo PANZICA. Przez 52 lata by\u0142 misjonarzem w Zambii. Urodzi\u0142 si\u0119 22 sierpnia 1939 r. w Marianopoli (W\u0142ochy). \u015aluby czasowe z\u0142o\u017cy\u0142 4 pa\u017adziernika 1958 r., a \u015bluby wieczyste 30 wrze\u015bnia 1962 r. \u015awi\u0119cenia kap\u0142a\u0144skie przyj\u0105\u0142 18 grudnia 1965 r. Najpierw nale\u017ca\u0142 do [&hellip;]<\/p>\n","protected":false},"author":1,"featured_media":31466,"comment_status":"closed","ping_status":"open","sticky":false,"template":"","format":"standard","meta":{"ngg_post_thumbnail":0,"footnotes":""},"categories":[144,149],"tags":[1241,1247,727],"class_list":["post-31470","post","type-post","status-publish","format-standard","has-post-thumbnail","category-ufficio-comunicazioni-pl","category-wiadomosci","tag-misjonarze","tag-missionari-pl","tag-zambia-pl"],"_links":{"self":[{"href":"https:\/\/www.ofmconv.net\/pl\/wp-json\/wp\/v2\/posts\/31470","targetHints":{"allow":["GET"]}}],"collection":[{"href":"https:\/\/www.ofmconv.net\/pl\/wp-json\/wp\/v2\/posts"}],"about":[{"href":"https:\/\/www.ofmconv.net\/pl\/wp-json\/wp\/v2\/types\/post"}],"author":[{"embeddable":true,"href":"https:\/\/www.ofmconv.net\/pl\/wp-json\/wp\/v2\/users\/1"}],"replies":[{"embeddable":true,"href":"https:\/\/www.ofmconv.net\/pl\/wp-json\/wp\/v2\/comments?post=31470"}],"version-history":[{"count":0,"href":"https:\/\/www.ofmconv.net\/pl\/wp-json\/wp\/v2\/posts\/31470\/revisions"}],"wp:featuredmedia":[{"embeddable":true,"href":"https:\/\/www.ofmconv.net\/pl\/wp-json\/wp\/v2\/media\/31466"}],"wp:attachment":[{"href":"https:\/\/www.ofmconv.net\/pl\/wp-json\/wp\/v2\/media?parent=31470"}],"wp:term":[{"taxonomy":"category","embeddable":true,"href":"https:\/\/www.ofmconv.net\/pl\/wp-json\/wp\/v2\/categories?post=31470"},{"taxonomy":"post_tag","embeddable":true,"href":"https:\/\/www.ofmconv.net\/pl\/wp-json\/wp\/v2\/tags?post=31470"}],"curies":[{"name":"wp","href":"https:\/\/api.w.org\/{rel}","templated":true}]}}