{"id":33037,"date":"2021-03-17T21:36:46","date_gmt":"2021-03-17T20:36:46","guid":{"rendered":"https:\/\/ofmconv.net\/roma-nomina-di-fra-zdzislaw-j-kijas-quale-esperto-avepro\/"},"modified":"2021-03-17T21:39:55","modified_gmt":"2021-03-17T20:39:55","slug":"roma-nomina-di-fra-zdzislaw-j-kijas-quale-esperto-avepro","status":"publish","type":"post","link":"https:\/\/www.ofmconv.net\/pl\/roma-nomina-di-fra-zdzislaw-j-kijas-quale-esperto-avepro\/","title":{"rendered":"Rzym: fr. Zdzis\u0142aw J. KIJAS mianowany \u201eekspertem\u201d AVEPRO"},"content":{"rendered":"<p><strong>We wtorek 9 marca 2021 r. prezes Agencji Stolicy Apostolskiej ds. oceny i promocji jako\u015bci kszta\u0142cenia na uniwersytetach i wydzia\u0142ach ko\u015bcielnych mianowa\u0142 jej \u201eekspertem\u201d fr. Zdzis\u0142awa J. KIJASA.<\/strong><\/p>\n<p>W pi\u015bmie nominacyjnym prezes AVEPRO, o. Andrzej S. WODKA, pokr\u00f3tce okre\u015bli\u0142 nowe funkcje fr. KIJASA, kt\u00f3ry na okres pi\u0119ciu lat zosta\u0142 powo\u0142any do wsp\u00f3\u0142pracy ze wspomnian\u0105 agencj\u0105 watyka\u0144sk\u0105.<br \/>\nObecnie fr. KIJAS przebywa de familia w klasztorze \u015awi\u0119tych Dwunastu Aposto\u0142\u00f3w w Rzymie i pe\u0142ni obowi\u0105zek postulatora generalnego Zakonu. Jest r\u00f3wnie\u017c wyk\u0142adowc\u0105 teologii dogmatycznej na Papieskim Wydziale Teologicznym \u015aw. Bonawentura w Rzymie.<br \/>\nWspierajmy duchowo naszego wsp\u00f3\u0142brata w jego s\u0142u\u017cbie Ko\u015bcio\u0142owi i Zakonowi, aby zawsze by\u0142 got\u00f3w nie\u015b\u0107 wszystkim zbawcze or\u0119dzie Ewangelii.<\/p>\n<p style=\"text-align: right;\">Biuro ds. komunikacji<\/p>\n<p style=\"text-align: center;\"><a href=\"https:\/\/ofmconv.net\/wp-content\/uploads\/2021\/03\/02-3.jpg\"><img loading=\"lazy\" decoding=\"async\" class=\"size-full wp-image-33027 aligncenter\" src=\"https:\/\/ofmconv.net\/wp-content\/uploads\/2021\/03\/02-3.jpg\" alt=\"\" width=\"634\" height=\"956\" srcset=\"https:\/\/www.ofmconv.net\/wp-content\/uploads\/2021\/03\/02-3.jpg 634w, https:\/\/www.ofmconv.net\/wp-content\/uploads\/2021\/03\/02-3-199x300.jpg 199w, https:\/\/www.ofmconv.net\/wp-content\/uploads\/2021\/03\/02-3-279x420.jpg 279w\" sizes=\"auto, (max-width: 634px) 100vw, 634px\" \/><\/a><\/p>\n","protected":false},"excerpt":{"rendered":"<p>We wtorek 9 marca 2021 r. prezes Agencji Stolicy Apostolskiej ds. oceny i promocji jako\u015bci kszta\u0142cenia na uniwersytetach i wydzia\u0142ach ko\u015bcielnych mianowa\u0142 jej \u201eekspertem\u201d fr. Zdzis\u0142awa J. KIJASA. W pi\u015bmie nominacyjnym prezes AVEPRO, o. Andrzej S. WODKA, pokr\u00f3tce okre\u015bli\u0142 nowe funkcje fr. KIJASA, kt\u00f3ry na okres pi\u0119ciu lat zosta\u0142 powo\u0142any do wsp\u00f3\u0142pracy ze wspomnian\u0105 agencj\u0105 [&hellip;]<\/p>\n","protected":false},"author":1,"featured_media":33033,"comment_status":"closed","ping_status":"open","sticky":false,"template":"","format":"standard","meta":{"ngg_post_thumbnail":0,"footnotes":""},"categories":[144,149],"tags":[1524],"class_list":["post-33037","post","type-post","status-publish","format-standard","has-post-thumbnail","category-ufficio-comunicazioni-pl","category-wiadomosci","tag-nominacja"],"_links":{"self":[{"href":"https:\/\/www.ofmconv.net\/pl\/wp-json\/wp\/v2\/posts\/33037","targetHints":{"allow":["GET"]}}],"collection":[{"href":"https:\/\/www.ofmconv.net\/pl\/wp-json\/wp\/v2\/posts"}],"about":[{"href":"https:\/\/www.ofmconv.net\/pl\/wp-json\/wp\/v2\/types\/post"}],"author":[{"embeddable":true,"href":"https:\/\/www.ofmconv.net\/pl\/wp-json\/wp\/v2\/users\/1"}],"replies":[{"embeddable":true,"href":"https:\/\/www.ofmconv.net\/pl\/wp-json\/wp\/v2\/comments?post=33037"}],"version-history":[{"count":0,"href":"https:\/\/www.ofmconv.net\/pl\/wp-json\/wp\/v2\/posts\/33037\/revisions"}],"wp:featuredmedia":[{"embeddable":true,"href":"https:\/\/www.ofmconv.net\/pl\/wp-json\/wp\/v2\/media\/33033"}],"wp:attachment":[{"href":"https:\/\/www.ofmconv.net\/pl\/wp-json\/wp\/v2\/media?parent=33037"}],"wp:term":[{"taxonomy":"category","embeddable":true,"href":"https:\/\/www.ofmconv.net\/pl\/wp-json\/wp\/v2\/categories?post=33037"},{"taxonomy":"post_tag","embeddable":true,"href":"https:\/\/www.ofmconv.net\/pl\/wp-json\/wp\/v2\/tags?post=33037"}],"curies":[{"name":"wp","href":"https:\/\/api.w.org\/{rel}","templated":true}]}}