{"id":33562,"date":"2021-04-07T19:52:16","date_gmt":"2021-04-07T17:52:16","guid":{"rendered":"https:\/\/ofmconv.net\/calabria-un-nostro-confratello-nominato-giudice-del-tribunale-dappello-interdiocesano\/"},"modified":"2021-04-07T19:56:05","modified_gmt":"2021-04-07T17:56:05","slug":"calabria-un-nostro-confratello-nominato-giudice-del-tribunale-dappello-interdiocesano","status":"publish","type":"post","link":"https:\/\/www.ofmconv.net\/pl\/calabria-un-nostro-confratello-nominato-giudice-del-tribunale-dappello-interdiocesano\/","title":{"rendered":"W\u0142ochy: franciszkanin mianowany s\u0119dzi\u0105 mi\u0119dzydiecezjalnego s\u0105du apelacyjnego"},"content":{"rendered":"<p><strong>W \u015brod\u0119 31 marca 2021 r. fr. Nicola COPPOLETTA otrzyma\u0142 nominacj\u0119 na s\u0119dziego nowego mi\u0119dzydiecezjalnego s\u0105du apelacyjnego dla regionu Kalabria.<\/strong><\/p>\n<p>Nominacj\u0119 podpisa\u0142 moderator i przewodnicz\u0105cy konferencji episkopatu Kalabrii abp Vincenzo BERTOLONE, metropolita Catanzaro-Squillace. 5 marca 2021 r. Najwy\u017cszy Trybuna\u0142 Sygnatury Apostolskiej przyzna\u0142 temu regionowi ko\u015bcielnemu prawo do posiadania w\u0142asnego s\u0105du drugiej instancji z siedzib\u0105 w Catanzaro, niezale\u017cnego od Neapolu.<br \/>\nFr. Nicola COPPOLETTA nale\u017cy do kustodii prowincjalnej \u015bwi\u0119tych Daniela i towarzyszy m\u0119czennik\u00f3w we W\u0142oszech (Kalabria). \u015aluby czasowe z\u0142o\u017cy\u0142 17 wrze\u015bnia 1967 r., a \u015bluby wieczyste 7 pa\u017adziernika 1973 r. \u015awi\u0119cenia kap\u0142a\u0144skie otrzyma\u0142 6 lipca 1975 r.<\/p>\n<p style=\"text-align: right;\">Fr. Nicola COPPOLETTA<\/p>\n","protected":false},"excerpt":{"rendered":"<p>W \u015brod\u0119 31 marca 2021 r. fr. Nicola COPPOLETTA otrzyma\u0142 nominacj\u0119 na s\u0119dziego nowego mi\u0119dzydiecezjalnego s\u0105du apelacyjnego dla regionu Kalabria. Nominacj\u0119 podpisa\u0142 moderator i przewodnicz\u0105cy konferencji episkopatu Kalabrii abp Vincenzo BERTOLONE, metropolita Catanzaro-Squillace. 5 marca 2021 r. Najwy\u017cszy Trybuna\u0142 Sygnatury Apostolskiej przyzna\u0142 temu regionowi ko\u015bcielnemu prawo do posiadania w\u0142asnego s\u0105du drugiej instancji z siedzib\u0105 w [&hellip;]<\/p>\n","protected":false},"author":1,"featured_media":33558,"comment_status":"closed","ping_status":"open","sticky":false,"template":"","format":"standard","meta":{"ngg_post_thumbnail":0,"footnotes":""},"categories":[131,118,149],"tags":[1821,1799,1524,1823],"class_list":["post-33562","post","type-post","status-publish","format-standard","has-post-thumbnail","category-federacje","category-fimp-pl","category-wiadomosci","tag-italia-calabria-pl","tag-nomina-pl","tag-nominacja","tag-wlochy-kalabria"],"_links":{"self":[{"href":"https:\/\/www.ofmconv.net\/pl\/wp-json\/wp\/v2\/posts\/33562","targetHints":{"allow":["GET"]}}],"collection":[{"href":"https:\/\/www.ofmconv.net\/pl\/wp-json\/wp\/v2\/posts"}],"about":[{"href":"https:\/\/www.ofmconv.net\/pl\/wp-json\/wp\/v2\/types\/post"}],"author":[{"embeddable":true,"href":"https:\/\/www.ofmconv.net\/pl\/wp-json\/wp\/v2\/users\/1"}],"replies":[{"embeddable":true,"href":"https:\/\/www.ofmconv.net\/pl\/wp-json\/wp\/v2\/comments?post=33562"}],"version-history":[{"count":0,"href":"https:\/\/www.ofmconv.net\/pl\/wp-json\/wp\/v2\/posts\/33562\/revisions"}],"wp:featuredmedia":[{"embeddable":true,"href":"https:\/\/www.ofmconv.net\/pl\/wp-json\/wp\/v2\/media\/33558"}],"wp:attachment":[{"href":"https:\/\/www.ofmconv.net\/pl\/wp-json\/wp\/v2\/media?parent=33562"}],"wp:term":[{"taxonomy":"category","embeddable":true,"href":"https:\/\/www.ofmconv.net\/pl\/wp-json\/wp\/v2\/categories?post=33562"},{"taxonomy":"post_tag","embeddable":true,"href":"https:\/\/www.ofmconv.net\/pl\/wp-json\/wp\/v2\/tags?post=33562"}],"curies":[{"name":"wp","href":"https:\/\/api.w.org\/{rel}","templated":true}]}}