{"id":33799,"date":"2021-04-14T17:50:18","date_gmt":"2021-04-14T15:50:18","guid":{"rendered":"https:\/\/ofmconv.net\/spagna-scuola-superiore-di-studi-francescani-esef\/"},"modified":"2021-04-14T18:13:27","modified_gmt":"2021-04-14T16:13:27","slug":"spagna-scuola-superiore-di-studi-francescani-esef","status":"publish","type":"post","link":"https:\/\/www.ofmconv.net\/pl\/spagna-scuola-superiore-di-studi-francescani-esef\/","title":{"rendered":"Hiszpania: wy\u017csza szko\u0142a studi\u00f3w franciszka\u0144skich"},"content":{"rendered":"<p><strong>W latach 90. federacja mi\u0119dzyfranciszka\u0144ska w Hiszpanii (federacja ministr\u00f3w prowincjalnych, prze\u0142o\u017conych franciszka\u0144skich instytut\u00f3w \u017ce\u0144skich i Franciszka\u0144skiego Zakonu \u015awieckich) powo\u0142a\u0142a do istnienia wy\u017csz\u0105 szko\u0142\u0119 studi\u00f3w franciszka\u0144skich (ESEF).<\/strong><\/p>\n<p>Coroczny kurs studi\u00f3w franciszka\u0144skich ESEF odbywa si\u0119 w o\u015brodku duchowo\u015bci kapucyn\u00f3w w El Pardo. Miejsce jest \u0142atwo dost\u0119pne: pi\u0119tna\u015bcie minut drogi od stolicy Madrytu, dobry i cz\u0119sty transport publiczny.<br \/>\nCelem ESEF jest pog\u0142\u0119bienie wiedzy na temat historii franciszkanizmu i duchowo\u015bci franciszka\u0144skiej, w tym tak\u017ce do\u015bwiadczenie sze\u015bciu miesi\u0119cy wsp\u00f3lnego \u017cycia wszystkich uczestnik\u00f3w z kapucy\u0144sk\u0105 wsp\u00f3lnot\u0105 w El Pardo, a ponadto zwiedzanie z przewodnikiem miejsc franciszka\u0144skich we W\u0142oszech i pielgrzymka do Ziemi \u015awi\u0119tej na zako\u0144czenie kursu.<br \/>\nPrzez ostatni rok \u2013 ze wzgl\u0119du na obecn\u0105 pandemi\u0119 \u2013 kursy by\u0142y prowadzone w trybie online. Kolejny kurs, po\u015bwi\u0119cony \u015bredniowiecznej teologii franciszka\u0144skiej i przeznaczony dla pocz\u0105tkuj\u0105cych, rozpocznie si\u0119 16 kwietnia 2021 r. i b\u0119dzie zatytu\u0142owany: <em>Owocne spotkanie z wczesnymi my\u015blicielami franciszka\u0144skimi<\/em>.<\/p>\n<p>Wi\u0119cej informacji o kursie na stronie: <a href=\"http:\/\/escuelafranciscana.org\/actualidad\/noticias\/119\/un-encuentro-fecundo-con-los-primeros-pensadores-franciscanos\/1\">http:\/\/escuelafranciscana.org\/actualidad\/noticias\/119\/un-encuentro-fecundo-con-los-primeros-pensadores-franciscanos\/1<\/a>.<\/p>\n<p>Zapisy na oferty proponowane przez ESEF pod adresem: <a href=\"mailto:contacto@escuelafranciscana.org\">contacto@escuelafranciscana.org<\/a>.<\/p>\n<p style=\"text-align: right;\">Fr. Joaqu\u00edn \u00c1ngel AGESTA CUEVAS<\/p>\n","protected":false},"excerpt":{"rendered":"<p>W latach 90. federacja mi\u0119dzyfranciszka\u0144ska w Hiszpanii (federacja ministr\u00f3w prowincjalnych, prze\u0142o\u017conych franciszka\u0144skich instytut\u00f3w \u017ce\u0144skich i Franciszka\u0144skiego Zakonu \u015awieckich) powo\u0142a\u0142a do istnienia wy\u017csz\u0105 szko\u0142\u0119 studi\u00f3w franciszka\u0144skich (ESEF). Coroczny kurs studi\u00f3w franciszka\u0144skich ESEF odbywa si\u0119 w o\u015brodku duchowo\u015bci kapucyn\u00f3w w El Pardo. Miejsce jest \u0142atwo dost\u0119pne: pi\u0119tna\u015bcie minut drogi od stolicy Madrytu, dobry i cz\u0119sty transport publiczny. [&hellip;]<\/p>\n","protected":false},"author":1,"featured_media":33795,"comment_status":"closed","ping_status":"open","sticky":false,"template":"","format":"standard","meta":{"ngg_post_thumbnail":0,"footnotes":""},"categories":[131,118,149],"tags":[897,896],"class_list":["post-33799","post","type-post","status-publish","format-standard","has-post-thumbnail","category-federacje","category-fimp-pl","category-wiadomosci","tag-hiszpania","tag-spagna-pl"],"_links":{"self":[{"href":"https:\/\/www.ofmconv.net\/pl\/wp-json\/wp\/v2\/posts\/33799","targetHints":{"allow":["GET"]}}],"collection":[{"href":"https:\/\/www.ofmconv.net\/pl\/wp-json\/wp\/v2\/posts"}],"about":[{"href":"https:\/\/www.ofmconv.net\/pl\/wp-json\/wp\/v2\/types\/post"}],"author":[{"embeddable":true,"href":"https:\/\/www.ofmconv.net\/pl\/wp-json\/wp\/v2\/users\/1"}],"replies":[{"embeddable":true,"href":"https:\/\/www.ofmconv.net\/pl\/wp-json\/wp\/v2\/comments?post=33799"}],"version-history":[{"count":0,"href":"https:\/\/www.ofmconv.net\/pl\/wp-json\/wp\/v2\/posts\/33799\/revisions"}],"wp:featuredmedia":[{"embeddable":true,"href":"https:\/\/www.ofmconv.net\/pl\/wp-json\/wp\/v2\/media\/33795"}],"wp:attachment":[{"href":"https:\/\/www.ofmconv.net\/pl\/wp-json\/wp\/v2\/media?parent=33799"}],"wp:term":[{"taxonomy":"category","embeddable":true,"href":"https:\/\/www.ofmconv.net\/pl\/wp-json\/wp\/v2\/categories?post=33799"},{"taxonomy":"post_tag","embeddable":true,"href":"https:\/\/www.ofmconv.net\/pl\/wp-json\/wp\/v2\/tags?post=33799"}],"curies":[{"name":"wp","href":"https:\/\/api.w.org\/{rel}","templated":true}]}}