{"id":33841,"date":"2021-04-15T06:16:11","date_gmt":"2021-04-15T04:16:11","guid":{"rendered":"https:\/\/ofmconv.net\/spagna-triduo-pasquale-on-line\/"},"modified":"2021-04-15T21:21:46","modified_gmt":"2021-04-15T19:21:46","slug":"spagna-triduo-pasquale-on-line","status":"publish","type":"post","link":"https:\/\/www.ofmconv.net\/pl\/spagna-triduo-pasquale-on-line\/","title":{"rendered":"Hiszpania: Triduum Paschalne w trybie online"},"content":{"rendered":"<p><strong>Obecna pandemia sprawi\u0142a, \u017ce obchody Wielkiego Tygodnia w 2021 r. dla grup duszpasterstwa m\u0142odzie\u017cy i rodzin z prowincji Naszej Pani z Montserrat w Hiszpanii mog\u0142y odby\u0107 si\u0119 tylko w trybie online, a nie z udzia\u0142em wiernych, jak to mia\u0142o miejsce w poprzednich latach.<\/strong><\/p>\n<p>Pragniemy podzieli\u0107 si\u0119 z r\u00f3\u017cnymi jurysdykcjami Zakonu propozycj\u0105 Triduum Paschalnego zorganizowanego w Internecie przez nasz\u0105 prowincj\u0119.<br \/>\nUczestnicy zostali podzieleni na trzy kategorie: m\u0142odzie\u017c, doro\u015bli i rodziny. Celebracje liturgiczne zosta\u0142y zaplanowane w poszczeg\u00f3lnych wsp\u00f3lnotach parafialnych lub w ko\u015bcio\u0142ach rektoralnych. W Madrycie oko\u0142o 40-osobowa grupa m\u0142odzie\u017cy osobi\u015bcie uczestniczy\u0142a w spotkaniu ka\u017cdego popo\u0142udnia Triduum (modlitwa, rozwa\u017canie, pocz\u0119stunek i rozmowy, celebracja liturgiczna).<br \/>\nPropozycja prze\u017cycia ka\u017cdego dnia Triduum Paschalnego przewidywa\u0142a pi\u0119\u0107 punkt\u00f3w zaplanowanych dla poszczeg\u00f3lnych kategorii os\u00f3b: <em>patrz<\/em> (obraz Giotta z bazyliki \u015bw. Franciszka w Asy\u017cu, by kontemplowa\u0107 g\u0142\u00f3wny temat dnia), <em>rozwa\u017caj<\/em> (tre\u015b\u0107 biblijna), <em>kontempluj<\/em> (modlitwa na ka\u017cdy dzie\u0144), <em>s\u0142uchaj<\/em> (pie\u015b\u0144 wyra\u017caj\u0105ca najistotniejsze przes\u0142anie dnia), <em>\u017cyj<\/em> (zobowi\u0105zanie do codziennego dzia\u0142ania chrze\u015bcija\u0144skiego).<\/p>\n<p>Materia\u0142y mo\u017cna znale\u017a\u0107 na stronie <a href=\"http:\/\/www.oracionfranciscana.com\">www.oracionfranciscana.com<\/a>.<\/p>\n<p>Jeste\u015bmy wdzi\u0119czni wszystkim zakonnikom i \u015bwieckim, kt\u00f3rzy podj\u0119li t\u0119 inicjatyw\u0119. Wszystkim przekazujemy najlepsze \u017cyczenia i pozdrowienia wielkanocne.<\/p>\n<p style=\"text-align: right;\">Fr. Joaqu\u00edn \u00c1ngel AGESTA CUEVAS<\/p>\n","protected":false},"excerpt":{"rendered":"<p>Obecna pandemia sprawi\u0142a, \u017ce obchody Wielkiego Tygodnia w 2021 r. dla grup duszpasterstwa m\u0142odzie\u017cy i rodzin z prowincji Naszej Pani z Montserrat w Hiszpanii mog\u0142y odby\u0107 si\u0119 tylko w trybie online, a nie z udzia\u0142em wiernych, jak to mia\u0142o miejsce w poprzednich latach. Pragniemy podzieli\u0107 si\u0119 z r\u00f3\u017cnymi jurysdykcjami Zakonu propozycj\u0105 Triduum Paschalnego zorganizowanego w [&hellip;]<\/p>\n","protected":false},"author":1,"featured_media":33837,"comment_status":"closed","ping_status":"open","sticky":false,"template":"","format":"standard","meta":{"ngg_post_thumbnail":0,"footnotes":""},"categories":[131,118,149],"tags":[897],"class_list":["post-33841","post","type-post","status-publish","format-standard","has-post-thumbnail","category-federacje","category-fimp-pl","category-wiadomosci","tag-hiszpania"],"_links":{"self":[{"href":"https:\/\/www.ofmconv.net\/pl\/wp-json\/wp\/v2\/posts\/33841","targetHints":{"allow":["GET"]}}],"collection":[{"href":"https:\/\/www.ofmconv.net\/pl\/wp-json\/wp\/v2\/posts"}],"about":[{"href":"https:\/\/www.ofmconv.net\/pl\/wp-json\/wp\/v2\/types\/post"}],"author":[{"embeddable":true,"href":"https:\/\/www.ofmconv.net\/pl\/wp-json\/wp\/v2\/users\/1"}],"replies":[{"embeddable":true,"href":"https:\/\/www.ofmconv.net\/pl\/wp-json\/wp\/v2\/comments?post=33841"}],"version-history":[{"count":0,"href":"https:\/\/www.ofmconv.net\/pl\/wp-json\/wp\/v2\/posts\/33841\/revisions"}],"wp:featuredmedia":[{"embeddable":true,"href":"https:\/\/www.ofmconv.net\/pl\/wp-json\/wp\/v2\/media\/33837"}],"wp:attachment":[{"href":"https:\/\/www.ofmconv.net\/pl\/wp-json\/wp\/v2\/media?parent=33841"}],"wp:term":[{"taxonomy":"category","embeddable":true,"href":"https:\/\/www.ofmconv.net\/pl\/wp-json\/wp\/v2\/categories?post=33841"},{"taxonomy":"post_tag","embeddable":true,"href":"https:\/\/www.ofmconv.net\/pl\/wp-json\/wp\/v2\/tags?post=33841"}],"curies":[{"name":"wp","href":"https:\/\/api.w.org\/{rel}","templated":true}]}}