{"id":34340,"date":"2021-05-04T21:39:41","date_gmt":"2021-05-04T19:39:41","guid":{"rendered":"https:\/\/ofmconv.net\/seraphicum-convegno-il-viaggio-interiore-itinerari-francescani-per-lhomo-viator\/"},"modified":"2021-05-06T10:56:02","modified_gmt":"2021-05-06T08:56:02","slug":"seraphicum-convegno-il-viaggio-interiore-itinerari-francescani-per-lhomo-viator","status":"publish","type":"post","link":"https:\/\/www.ofmconv.net\/pl\/seraphicum-convegno-il-viaggio-interiore-itinerari-francescani-per-lhomo-viator\/","title":{"rendered":"Seraphicum: sympozjum <i>W\u0119dr\u00f3wka wewn\u0119trzna: franciszka\u0144skie szlaki dla \u201ehomo viator\u201d<\/i>"},"content":{"rendered":"<p><strong>Trwaj\u0105 zapisy na sympozjum <em>W\u0119dr\u00f3wka wewn\u0119trzna: franciszka\u0144skie szlaki dla \u201ehomo viator\u201d<\/em>, organizowane przez Papieski Wydzia\u0142 Teologiczny \u015aw. Bonawentury w Rzymie w dniach 6-8 wrze\u015bnia 2021 r. Jego zamys\u0142em jest, aby poprzez przes\u0142anie i \u015bwiadectwo franciszkan\u00f3w towarzyszy\u0107 wewn\u0119trznej w\u0119dr\u00f3wce \u201ecz\u0142owieka w drodze\u201d.<\/strong><\/p>\n<p>W sympozjum, przygotowywanym we wsp\u00f3\u0142pracy z Instytutem Teologicznym \u015bw. Antoniego Doktora (Padwa), wezm\u0105 udzia\u0142 uczeni znani w kr\u0119gach franciszka\u0144skich, jak fr. Luciano BERTAZZO OFMConv, fr. Antonio BERTAZZO OFMConv, fr. Pietro MARANESI OFMCap i s. Marzia CESCHIA.<br \/>\nObrady zainauguruje w poniedzia\u0142ek 6 wrze\u015bnia o godz. 9 s\u0142owo wst\u0119pne dziekana wydzia\u0142u fr. Raffaele DI MURO OFMConv, po czym wyst\u0105pi fr. Luciano BERTAZZO, kt\u00f3ry podejmie temat <em>\u201eHomo viator\u201d: sposoby wyra\u017cania si\u0119 po\u015br\u00f3d symboliki i do\u015bwiadczenia duchowego<\/em>. O godz. 10.15 g\u0142os zabierze fr. Antonio BERTAZZO, kt\u00f3ry wyg\u0142osi referat <em>W\u0119dr\u00f3wka wewn\u0119trzna: propozycja antropologiczna na dzi\u015b<\/em>. Pog\u0142\u0119bieniem zagadnienia b\u0119dzie podanie tekst\u00f3w do osobistego studium. O godz. 15.30 prace zostan\u0105 wznowione dwugodzinn\u0105 dyskusj\u0105 uczestnik\u00f3w, wed\u0142ug schematu, kt\u00f3ry b\u0119dzie powtarzany w kolejnych dniach.<br \/>\nWe wtorek 7 wrze\u015bnia o godz. 9 fr. Pietro MARANESI przybli\u017cy temat o <em>Franciszka\u0144skich szlakach<\/em>, a potem odb\u0119dzie si\u0119 indywidualne pog\u0142\u0119bienie poruszonych kwestii, za\u015b po po\u0142udniu b\u0119dzie mia\u0142a miejsce dyskusja.<br \/>\nW ostatnim dniu, w \u015brod\u0119 8 wrze\u015bnia, s. Marzia CESCHIA wyg\u0142osi konferencj\u0119 <em>Propozycja dla kobiet: Klara i inne kobiety<\/em>, a nast\u0119pnie zostan\u0105 zaprezentowane teksty do osobistego studium. O godz. 15.30 zaplanowana jest dyskusja w\u015br\u00f3d uczestnik\u00f3w.<br \/>\nObrady zako\u0144czy o godz. 18 fr. Raffaele DI MURO, podkre\u015blaj\u0105c, jak \u201eto wydarzenie inauguruje szereg inicjatyw dotycz\u0105cych studi\u00f3w franciszka\u0144skich, maj\u0105cych na celu przedstawienie i docenienie duchowo\u015bci \u015bw. Franciszka i wielu wybitnych postaci \u015bwiata franciszka\u0144skiego. Dla naszego wydzia\u0142u to wydarzenie jest wa\u017cnym wst\u0119pem do kursu franciszkanizmu <a href=\"https:\/\/www.sanbonaventuraseraphicum.org\/it\/corso-di-francescanesimo\"><em>\u015aladami Franciszka i Klary<\/em><\/a>, zaplanowanego w nowym roku akademickim\u201d.<\/p>\n<p>Koszty udzia\u0142u w sympozjum wynosz\u0105 150 euro (w tym obiad), a 270 euro za pe\u0142ne wy\u017cywienie.<br \/>\nW miejscu sympozjum (via del Serafico, 1 \u2013 Rzym) znajduje si\u0119 r\u00f3wnie\u017c bar\/restauracja, obszerny parking, park oraz dobrze zaopatrzona biblioteka.<br \/>\nPro\u015bby o informacje i zg\u0142oszenia (do 5 wrze\u015bnia br.) prosimy przesy\u0142a\u0107 na adres: segreteria@seraphicum.org.<br \/>\nPoni\u017cej znajduje si\u0119 formularz zg\u0142oszenia:<br \/>\n<a href=\"https:\/\/www.sanbonaventuraseraphicum.org\/upload_kcfinder\/files\/Brochure_Il_viaggio_interiore.pdf\">https:\/\/www.sanbonaventuraseraphicum.org\/upload_kcfinder\/files\/Brochure_Il_viaggio_interiore.pdf<\/a><\/p>\n<p style=\"text-align: right;\">Elisabetta LO IACONO, biuro prasowe Seraphicum<\/p>\nngg_shortcode_0_placeholder\n","protected":false},"excerpt":{"rendered":"<p>Trwaj\u0105 zapisy na sympozjum W\u0119dr\u00f3wka wewn\u0119trzna: franciszka\u0144skie szlaki dla \u201ehomo viator\u201d, organizowane przez Papieski Wydzia\u0142 Teologiczny \u015aw. Bonawentury w Rzymie w dniach 6-8 wrze\u015bnia 2021 r. Jego zamys\u0142em jest, aby poprzez przes\u0142anie i \u015bwiadectwo franciszkan\u00f3w towarzyszy\u0107 wewn\u0119trznej w\u0119dr\u00f3wce \u201ecz\u0142owieka w drodze\u201d. W sympozjum, przygotowywanym we wsp\u00f3\u0142pracy z Instytutem Teologicznym \u015bw. Antoniego Doktora (Padwa), wezm\u0105 udzia\u0142 [&hellip;]<\/p>\n","protected":false},"author":1,"featured_media":34474,"comment_status":"closed","ping_status":"open","sticky":false,"template":"","format":"standard","meta":{"ngg_post_thumbnail":0,"footnotes":""},"categories":[144,149],"tags":[335,1724],"class_list":["post-34340","post","type-post","status-publish","format-standard","has-post-thumbnail","category-ufficio-comunicazioni-pl","category-wiadomosci","tag-seraphicum-pl","tag-seraphicum-2-pl"],"_links":{"self":[{"href":"https:\/\/www.ofmconv.net\/pl\/wp-json\/wp\/v2\/posts\/34340","targetHints":{"allow":["GET"]}}],"collection":[{"href":"https:\/\/www.ofmconv.net\/pl\/wp-json\/wp\/v2\/posts"}],"about":[{"href":"https:\/\/www.ofmconv.net\/pl\/wp-json\/wp\/v2\/types\/post"}],"author":[{"embeddable":true,"href":"https:\/\/www.ofmconv.net\/pl\/wp-json\/wp\/v2\/users\/1"}],"replies":[{"embeddable":true,"href":"https:\/\/www.ofmconv.net\/pl\/wp-json\/wp\/v2\/comments?post=34340"}],"version-history":[{"count":0,"href":"https:\/\/www.ofmconv.net\/pl\/wp-json\/wp\/v2\/posts\/34340\/revisions"}],"wp:featuredmedia":[{"embeddable":true,"href":"https:\/\/www.ofmconv.net\/pl\/wp-json\/wp\/v2\/media\/34474"}],"wp:attachment":[{"href":"https:\/\/www.ofmconv.net\/pl\/wp-json\/wp\/v2\/media?parent=34340"}],"wp:term":[{"taxonomy":"category","embeddable":true,"href":"https:\/\/www.ofmconv.net\/pl\/wp-json\/wp\/v2\/categories?post=34340"},{"taxonomy":"post_tag","embeddable":true,"href":"https:\/\/www.ofmconv.net\/pl\/wp-json\/wp\/v2\/tags?post=34340"}],"curies":[{"name":"wp","href":"https:\/\/api.w.org\/{rel}","templated":true}]}}