{"id":34716,"date":"2021-05-18T20:38:42","date_gmt":"2021-05-18T18:38:42","guid":{"rendered":"https:\/\/ofmconv.net\/seraphicum-nuovo-dottore-in-francescanesimo\/"},"modified":"2021-05-18T20:42:18","modified_gmt":"2021-05-18T18:42:18","slug":"seraphicum-nuovo-dottore-in-francescanesimo","status":"publish","type":"post","link":"https:\/\/www.ofmconv.net\/pl\/seraphicum-nuovo-dottore-in-francescanesimo\/","title":{"rendered":"Seraphicum: nowy doktor w dziedzinie franciszkanizmu"},"content":{"rendered":"<p><strong>W poniedzia\u0142ek 17 maja 2021 r., na Papieskim Wydziale \u015aw. Bonawentury w Rzymie, odby\u0142a si\u0119 obrona doktoratu fr. Jacka LISOWSKIEGO OFMConv z prowincji \u015bw. Antoniego i b\u0142. Jakuba Strzemi\u0119 w Polsce (Krak\u00f3w) na podstawie rozprawy zatytu\u0142owanej <em>Francisco de As\u00eds y la Eucarist\u00eda. <\/em><em>Lectura de los escritos eucar\u00edsticos del Poverello en clave diacr\u00f3nica y martirial<\/em>. <em>Una propuesta.<\/em><\/strong><\/p>\n<p>Obecni byli: minister generalny fr. Carlos Alberto TROVARELLI, wikariusz generalny fr. Jan MACIEJOWSKI, minister prowincjalny z Krakowa fr. Marian GO\u0141\u0104B, minister prowincjalny prowincji Naszej Pani z Montserrat w Hiszpanii fr. Juan Antonio AD\u00c1NEZ SILV\u00c1N oraz inni wsp\u00f3\u0142bracia z dom\u00f3w generalskich.<br \/>\nObrona pracy doktorskiej rozpocz\u0119\u0142a si\u0119 o godz. 16 w auli Sykstusa V, a w sk\u0142ad komisji egzaminacyjnej weszli nast\u0119puj\u0105cy profesorowie: przewodnicz\u0105cy komisji fr. Stanis\u0142aw BAZYLI\u0143SKI, pierwszy promotor fr. Zdzis\u0142aw J. KIJAS, drugi promotor fr. Emil KUMKA, recenzent fr. Raffaele DI MURO.<br \/>\nW swojej pracy doktorskiej autor pog\u0142\u0119bi\u0142 zagadnienie centralnej roli Eucharystii w \u017cyciu i pismach Biedaczyny jako do\u015bwiadczenie Chrystusa, kt\u00f3ry daje siebie w spos\u00f3b ca\u0142kowity i kenotyczny. Dla \u015bw. Franciszka z Asy\u017cu tajemnica Eucharystii, po\u0142\u0105czona z \u017cyciem Ewangeli\u0105, oznacza upodobnienie si\u0119 do paschalnej tajemnicy \u015bmierci i zmartwychwstania Chrystusa, co zostaje przed\u0142u\u017cone w jego \u017cyciu poprzez otwarcie horyzontu m\u0119cze\u0144stwa, rozumianego jako ca\u0142kowity dar z siebie. Ten aspekt bada\u0144 wy\u0142ania si\u0119 przede wszystkim w g\u0142\u00f3wnej cz\u0119\u015bci pracy doktorskiej, gdzie metod\u0105 diachroniczn\u0105 zosta\u0142y przeanalizowane: <em>List do duchownych<\/em> (redakcja pierwsza i druga), <em>List do kustosz\u00f3w<\/em> (pierwszy), <em>List do rz\u0105dc\u00f3w narod\u00f3w<\/em> oraz <em>Regu\u0142a niezatwierdzona<\/em>.<br \/>\nPo zaprezentowaniu rozprawy przez doktoranta cz\u0142onkowie komisji wyrazili swoje spostrze\u017cenia i zapytania, doceniaj\u0105c przy tym ca\u0142okszta\u0142t podj\u0119tej pracy i podkre\u015blaj\u0105c wag\u0119 i aktualno\u015b\u0107 poruszonego tematu. Na zako\u0144czenie obrony kandydat zosta\u0142 og\u0142oszony doktorem, otrzymuj\u0105c ocen\u0119 <em>summa cum laude<\/em>.<br \/>\nGratulujemy nowemu doktorowi osi\u0105gni\u0119tego celu i wyra\u017camy nadziej\u0119, \u017ce wyniki jego pracy znajd\u0105 podatny grunt do autentycznego prze\u017cywania charyzmatu franciszka\u0144skiego.<\/p>\n<p style=\"text-align: right;\">Fr. Teofil CIUCHE\u015e<\/p>\nngg_shortcode_0_placeholder\n","protected":false},"excerpt":{"rendered":"<p>W poniedzia\u0142ek 17 maja 2021 r., na Papieskim Wydziale \u015aw. Bonawentury w Rzymie, odby\u0142a si\u0119 obrona doktoratu fr. Jacka LISOWSKIEGO OFMConv z prowincji \u015bw. Antoniego i b\u0142. Jakuba Strzemi\u0119 w Polsce (Krak\u00f3w) na podstawie rozprawy zatytu\u0142owanej Francisco de As\u00eds y la Eucarist\u00eda. Lectura de los escritos eucar\u00edsticos del Poverello en clave diacr\u00f3nica y martirial. Una [&hellip;]<\/p>\n","protected":false},"author":1,"featured_media":34712,"comment_status":"closed","ping_status":"open","sticky":false,"template":"","format":"standard","meta":{"ngg_post_thumbnail":0,"footnotes":""},"categories":[144,149],"tags":[335],"class_list":["post-34716","post","type-post","status-publish","format-standard","has-post-thumbnail","category-ufficio-comunicazioni-pl","category-wiadomosci","tag-seraphicum-pl"],"_links":{"self":[{"href":"https:\/\/www.ofmconv.net\/pl\/wp-json\/wp\/v2\/posts\/34716","targetHints":{"allow":["GET"]}}],"collection":[{"href":"https:\/\/www.ofmconv.net\/pl\/wp-json\/wp\/v2\/posts"}],"about":[{"href":"https:\/\/www.ofmconv.net\/pl\/wp-json\/wp\/v2\/types\/post"}],"author":[{"embeddable":true,"href":"https:\/\/www.ofmconv.net\/pl\/wp-json\/wp\/v2\/users\/1"}],"replies":[{"embeddable":true,"href":"https:\/\/www.ofmconv.net\/pl\/wp-json\/wp\/v2\/comments?post=34716"}],"version-history":[{"count":0,"href":"https:\/\/www.ofmconv.net\/pl\/wp-json\/wp\/v2\/posts\/34716\/revisions"}],"wp:featuredmedia":[{"embeddable":true,"href":"https:\/\/www.ofmconv.net\/pl\/wp-json\/wp\/v2\/media\/34712"}],"wp:attachment":[{"href":"https:\/\/www.ofmconv.net\/pl\/wp-json\/wp\/v2\/media?parent=34716"}],"wp:term":[{"taxonomy":"category","embeddable":true,"href":"https:\/\/www.ofmconv.net\/pl\/wp-json\/wp\/v2\/categories?post=34716"},{"taxonomy":"post_tag","embeddable":true,"href":"https:\/\/www.ofmconv.net\/pl\/wp-json\/wp\/v2\/tags?post=34716"}],"curies":[{"name":"wp","href":"https:\/\/api.w.org\/{rel}","templated":true}]}}