{"id":34863,"date":"2021-05-25T09:12:02","date_gmt":"2021-05-25T07:12:02","guid":{"rendered":"https:\/\/ofmconv.net\/roma-open-day-di-grafologia-al-seraphicum\/"},"modified":"2021-05-25T09:19:10","modified_gmt":"2021-05-25T07:19:10","slug":"roma-open-day-di-grafologia-al-seraphicum","status":"publish","type":"post","link":"https:\/\/www.ofmconv.net\/pl\/roma-open-day-di-grafologia-al-seraphicum\/","title":{"rendered":"Rzym: <i>open day<\/i> grafologii w Seraphicum"},"content":{"rendered":"<p><strong>W sobot\u0119 22 maja 2021 r., o godz. 15, w auli Sykstusa V mi\u0119dzynarodowego kolegium Seraphicum odby\u0142 si\u0119 <em>o<\/em><em>pen<\/em><em> day<\/em> (dzie\u0144 otwarty) szko\u0142y grafologii, kt\u00f3r\u0105 zaprezentowa\u0142 dziekan Papieskiego Wydzia\u0142u Teologicznego \u015aw. Bonawentury fr. Raffaele DI MURO.<\/strong><\/p>\n<p>Spotkanie odbywa\u0142o si\u0119 w dwojakiej formie: udzia\u0142 osobisty i online. Uczestnikami byli zar\u00f3wno studenci szko\u0142y grafologii, jak i inne osoby zainteresowane tym zagadnieniem.<br \/>\nW przem\u00f3wieniu wprowadzaj\u0105cym fr. Raffaele DI MURO zacytowa\u0142 obecn\u0105 na spotkaniu dr Alessandra MILLEVOLTE, kt\u00f3ra w niedawnym wywiadzie poda\u0142a ciekaw\u0105 definicj\u0119 dyscypliny grafologii, okre\u015blanej jako \u201eelektroencefalogram\u201d, poniewa\u017c ruch pisma rejestruje to, co dzieje si\u0119 zar\u00f3wno na poziomie neurologicznym, jak i fizjologicznym i psychologicznym, ukazuj\u0105c ca\u0142o\u015b\u0107 osoby. Dziekan wydzia\u0142u przywo\u0142a\u0142 pami\u0119\u0107 o fr. Girolamo MORETTI OFMConv, kt\u00f3ry zapocz\u0105tkowa\u0142 studia i badania grafologiczne we W\u0142oszech.<br \/>\nZ kolei g\u0142os zabrali wyk\u0142adowcy. Kr\u00f3tkie wprowadzenie wyg\u0142osi\u0142a najpierw dr Nadia BONANNO, kt\u00f3ra nakre\u015bli\u0142a cel grafologii: uchwyci\u0107 indywidualno\u015b\u0107, czyli niepowtarzaln\u0105 i oryginaln\u0105 osobowo\u015b\u0107 konkretnego pisma, tak jakby by\u0142o ono \u201egraficznym odciskiem palca\u201d, co jest w\u0142a\u015bciwe dla indywidualno\u015bci podmiotu w jego ca\u0142o\u015bci. Nast\u0119pnie wyst\u0105pi\u0142a dr Chiara MISTRORIGO, kt\u00f3ra zacytowa\u0142a Diderota: \u201egest cz\u0142owieka jest metafor\u0105\u201d; jako metafora, pismo r\u0119czne zawiera w sobie odniesienie \u015bci\u015ble \u0142\u0105cz\u0105ce si\u0119 z osob\u0105 i ukazuje jej osobowo\u015b\u0107, jej konkretn\u0105 istot\u0119, rozwijaj\u0105c\u0105 si\u0119 w \u017cyciu codziennym. Dr Vincenzo TARANTINO przedstawi\u0142 badania nad neurobiologi\u0105 pisma oraz konkretne narz\u0119dzia, kt\u00f3re pozwalaj\u0105 na uwierzytelnienie pisma, unikaj\u0105c wszelkich fa\u0142szerstw. Dr Carlo CACCIARI zarysowa\u0142 grafologi\u0119 pastoraln\u0105 poprzez studium 12 pasji wyrytych w cz\u0142owieku i ich odpowiedni zwi\u0105zek z 7 grzechami g\u0142\u00f3wnymi, czego kulminacj\u0105 by\u0142o badanie charakteru pisma \u015bwi\u0119tych. Dr A. MILLEVOLTE przybli\u017cy\u0142a znaczenie grafologii w s\u0142u\u017cbie zasob\u00f3w ludzkich. Po zadaniu kilku pyta\u0144 prelegentom spotkanie zako\u0144czy\u0142o si\u0119 oko\u0142o godz. 18.<br \/>\nDzi\u0119kujemy wyk\u0142adowcom za ich udzia\u0142 i wk\u0142ad, a tak\u017ce wszystkim, kt\u00f3rzy uczestniczyli w tym wa\u017cnym spotkaniu, zar\u00f3wno osobi\u015bcie, jak i online.<\/p>\n<p style=\"text-align: right;\">Fr. Salvatore M. ROBUSTELLI<\/p>\nngg_shortcode_0_placeholder\n","protected":false},"excerpt":{"rendered":"<p>W sobot\u0119 22 maja 2021 r., o godz. 15, w auli Sykstusa V mi\u0119dzynarodowego kolegium Seraphicum odby\u0142 si\u0119 open day (dzie\u0144 otwarty) szko\u0142y grafologii, kt\u00f3r\u0105 zaprezentowa\u0142 dziekan Papieskiego Wydzia\u0142u Teologicznego \u015aw. Bonawentury fr. Raffaele DI MURO. Spotkanie odbywa\u0142o si\u0119 w dwojakiej formie: udzia\u0142 osobisty i online. Uczestnikami byli zar\u00f3wno studenci szko\u0142y grafologii, jak i inne [&hellip;]<\/p>\n","protected":false},"author":1,"featured_media":34859,"comment_status":"closed","ping_status":"open","sticky":false,"template":"","format":"standard","meta":{"ngg_post_thumbnail":0,"footnotes":""},"categories":[144,149],"tags":[2146,335],"class_list":["post-34863","post","type-post","status-publish","format-standard","has-post-thumbnail","category-ufficio-comunicazioni-pl","category-wiadomosci","tag-grafologia-pl","tag-seraphicum-pl"],"_links":{"self":[{"href":"https:\/\/www.ofmconv.net\/pl\/wp-json\/wp\/v2\/posts\/34863","targetHints":{"allow":["GET"]}}],"collection":[{"href":"https:\/\/www.ofmconv.net\/pl\/wp-json\/wp\/v2\/posts"}],"about":[{"href":"https:\/\/www.ofmconv.net\/pl\/wp-json\/wp\/v2\/types\/post"}],"author":[{"embeddable":true,"href":"https:\/\/www.ofmconv.net\/pl\/wp-json\/wp\/v2\/users\/1"}],"replies":[{"embeddable":true,"href":"https:\/\/www.ofmconv.net\/pl\/wp-json\/wp\/v2\/comments?post=34863"}],"version-history":[{"count":0,"href":"https:\/\/www.ofmconv.net\/pl\/wp-json\/wp\/v2\/posts\/34863\/revisions"}],"wp:featuredmedia":[{"embeddable":true,"href":"https:\/\/www.ofmconv.net\/pl\/wp-json\/wp\/v2\/media\/34859"}],"wp:attachment":[{"href":"https:\/\/www.ofmconv.net\/pl\/wp-json\/wp\/v2\/media?parent=34863"}],"wp:term":[{"taxonomy":"category","embeddable":true,"href":"https:\/\/www.ofmconv.net\/pl\/wp-json\/wp\/v2\/categories?post=34863"},{"taxonomy":"post_tag","embeddable":true,"href":"https:\/\/www.ofmconv.net\/pl\/wp-json\/wp\/v2\/tags?post=34863"}],"curies":[{"name":"wp","href":"https:\/\/api.w.org\/{rel}","templated":true}]}}