{"id":37194,"date":"2021-08-20T05:43:17","date_gmt":"2021-08-20T03:43:17","guid":{"rendered":"https:\/\/ofmconv.net\/malta-notizie-dalla-formazione\/"},"modified":"2021-08-20T05:46:49","modified_gmt":"2021-08-20T03:46:49","slug":"malta-notizie-dalla-formazione","status":"publish","type":"post","link":"https:\/\/www.ofmconv.net\/pl\/malta-notizie-dalla-formazione\/","title":{"rendered":"Malta: wiadomo\u015bci z formacji"},"content":{"rendered":"<p><strong>Prowincja \u015bw. Paw\u0142a Aposto\u0142a na Malcie prze\u017cy\u0142a w ostatnim czasie dwa wa\u017cne i radosne momenty, o kt\u00f3rych opowiada, b\u0119d\u0105c wdzi\u0119czna Panu Bogu.<\/strong><\/p>\n<p>W poniedzia\u0142ek, 26 lipca, Fra Mauro ZAMMIT, po roku nowicjatu w Sacro Convento w Asy\u017cu, z\u0142o\u017cy\u0142 profesj\u0119 czasow\u0105 na r\u0119ce Ministra prowincjalnego, Fra Colina Charlesa SAMMUTA, w ko\u015bciele Niepokalanego Serca Maryi w Burmarrad na Malcie. Fra Mauro b\u0119dzie kontynuowa\u0142 swoj\u0105 formacj\u0119 w postnowicjacie w klasztorze \u015bw. Antoniego Doktora w Padwie (W\u0142ochy).<br \/>\nW poniedzia\u0142ek 2 sierpnia, w \u015bwi\u0119to Naj\u015bwi\u0119tszej Maryi Panny Anielskiej, bracia z Prowincji Malta\u0144skiej zebrali si\u0119 ponownie w parafii Burmarrad, aby celebrowa\u0107 \u015bwi\u0119cenia diakonatu Fra Roberto CALLEJA. \u015awi\u0119ce\u0144 udzieli\u0142 abp Charles Jude SCICLUNA, metropolita Malty.<br \/>\nTowarzyszmy tym braciom nasz\u0105 modlitw\u0105, aby B\u00f3g, nasz Ojciec, zawsze obdarza\u0142 ich swoj\u0105 \u0142ask\u0105, by mogli ca\u0142ym sercem odpowiada\u0107 na \u0142aski zwi\u0105zane z powo\u0142aniem.<\/p>\n<p style=\"text-align: right;\">Fr. Christian Anthony M. BORG, Sekretarz prowincjalny<\/p>\nngg_shortcode_0_placeholder\n","protected":false},"excerpt":{"rendered":"<p>Prowincja \u015bw. Paw\u0142a Aposto\u0142a na Malcie prze\u017cy\u0142a w ostatnim czasie dwa wa\u017cne i radosne momenty, o kt\u00f3rych opowiada, b\u0119d\u0105c wdzi\u0119czna Panu Bogu. W poniedzia\u0142ek, 26 lipca, Fra Mauro ZAMMIT, po roku nowicjatu w Sacro Convento w Asy\u017cu, z\u0142o\u017cy\u0142 profesj\u0119 czasow\u0105 na r\u0119ce Ministra prowincjalnego, Fra Colina Charlesa SAMMUTA, w ko\u015bciele Niepokalanego Serca Maryi w Burmarrad [&hellip;]<\/p>\n","protected":false},"author":1,"featured_media":37189,"comment_status":"closed","ping_status":"open","sticky":false,"template":"","format":"standard","meta":{"ngg_post_thumbnail":0,"footnotes":""},"categories":[131,118,149],"tags":[1163,1226,1002],"class_list":["post-37194","post","type-post","status-publish","format-standard","has-post-thumbnail","category-federacje","category-fimp-pl","category-wiadomosci","tag-malta-pl","tag-sluby-czasowe","tag-swiecenia-diakonatu"],"_links":{"self":[{"href":"https:\/\/www.ofmconv.net\/pl\/wp-json\/wp\/v2\/posts\/37194","targetHints":{"allow":["GET"]}}],"collection":[{"href":"https:\/\/www.ofmconv.net\/pl\/wp-json\/wp\/v2\/posts"}],"about":[{"href":"https:\/\/www.ofmconv.net\/pl\/wp-json\/wp\/v2\/types\/post"}],"author":[{"embeddable":true,"href":"https:\/\/www.ofmconv.net\/pl\/wp-json\/wp\/v2\/users\/1"}],"replies":[{"embeddable":true,"href":"https:\/\/www.ofmconv.net\/pl\/wp-json\/wp\/v2\/comments?post=37194"}],"version-history":[{"count":0,"href":"https:\/\/www.ofmconv.net\/pl\/wp-json\/wp\/v2\/posts\/37194\/revisions"}],"wp:featuredmedia":[{"embeddable":true,"href":"https:\/\/www.ofmconv.net\/pl\/wp-json\/wp\/v2\/media\/37189"}],"wp:attachment":[{"href":"https:\/\/www.ofmconv.net\/pl\/wp-json\/wp\/v2\/media?parent=37194"}],"wp:term":[{"taxonomy":"category","embeddable":true,"href":"https:\/\/www.ofmconv.net\/pl\/wp-json\/wp\/v2\/categories?post=37194"},{"taxonomy":"post_tag","embeddable":true,"href":"https:\/\/www.ofmconv.net\/pl\/wp-json\/wp\/v2\/tags?post=37194"}],"curies":[{"name":"wp","href":"https:\/\/api.w.org\/{rel}","templated":true}]}}