{"id":37779,"date":"2021-09-01T20:25:52","date_gmt":"2021-09-01T18:25:52","guid":{"rendered":"https:\/\/ofmconv.net\/conclusa-la-missione-estiva-sulle-sponde-del-tevere\/"},"modified":"2021-09-01T20:29:51","modified_gmt":"2021-09-01T18:29:51","slug":"conclusa-la-missione-estiva-sulle-sponde-del-tevere","status":"publish","type":"post","link":"https:\/\/www.ofmconv.net\/pl\/conclusa-la-missione-estiva-sulle-sponde-del-tevere\/","title":{"rendered":"Rzym: misja letnia na nabrze\u017cach Tybru zako\u0144czona"},"content":{"rendered":"<p><strong>W dniach od 20 czerwca do 29 sierpnia 2021 r. Franciszka\u0144skie Centrum Misyjne FIMP (Federazione Intermediterranea Ministri Provinciali) po raz si\u00f3dmy prze\u017cywa\u0142o letnie do\u015bwiadczenie misyjne na nabrze\u017cach Tybru.<\/strong><\/p>\n<p>W tym roku spotkania przebiegaj\u0105ce pod has\u0142em <em>Wzd\u0142u\u017c Tybru w Rzymie \u2013 rzeka kultury<\/em> odbywa\u0142y si\u0119 na mniejsz\u0105 skal\u0119 ze wzgl\u0119du na Covid, ale nie brakowa\u0142o nap\u0142ywu os\u00f3b, kt\u00f3re ka\u017cdego wieczoru schodzi\u0142y nad brzegi rzeki, by podziwia\u0107 urocz\u0105 sceneri\u0119 mi\u0119dzy gigantycznymi murami rzeki, w\u015br\u00f3d tysi\u0105ca \u015bwiate\u0142 i kolor\u00f3w, a tak\u017ce dozna\u0107 chwil zdrowego relaksu w oparciu o propozycje kulturalne, artystyczne i religijne.<br \/>\nPodczas siedemdziesi\u0119ciu wieczor\u00f3w wsp\u00f3\u0142bracia obecni na stoisku usytuowanym po\u015brodku dwukilometrowego terenu wystawowego, pomi\u0119dzy restauracjami i sklepami, prze\u017cywali poszczeg\u00f3lne wydarzenia z w\u0142asn\u0105 propozycj\u0105 g\u0142oszenia tre\u015bci ewangelicznych w\u015br\u00f3d ludzi, kt\u00f3rzy w milczeniu przechodzili obok, szukaj\u0105c czego\u015b, co mog\u0142oby umili\u0107 im letni okres wakacji. By\u0142o wiele spotka\u0144, anegdot, rozm\u00f3w i opowie\u015bci o \u017cyciu w tym celu, aby przekaza\u0107 komu\u015b s\u0142owa pocieszenia, ale tak\u017ce zapewni\u0107 o blisko\u015bci i przybli\u017cy\u0107 \u015bwiadectwo franciszka\u0144skie. Z pewno\u015bci\u0105 \u015bwiecki charakter tego miejsca i obecno\u015b\u0107 braci w habitach stawa\u0142y si\u0119 znacz\u0105c\u0105 okazj\u0105 do nawi\u0105zania dialogu i dyskusji, co jest czym\u015b rozs\u0105dnym i niekiedy wyzwalaj\u0105cym ze wzgl\u0119du na r\u00f3\u017cnorodno\u015b\u0107 pyta\u0144, jakie s\u0105 stawiane. W\u015br\u00f3d r\u00f3\u017cnych ludzkich zainteresowa\u0144 pojawi\u0142o si\u0119 troch\u0119 pr\u00f3\u015bb o adopcje na odleg\u0142o\u015b\u0107, kilka darowizn, a przede wszystkim \u2013 w obecnym czasie pandemii \u2013 pyta\u0144 o stan zdrowia dzieci, kt\u00f3re s\u0105 pod opiek\u0105 franciszkan\u00f3w w szko\u0142ach, szpitalach i sto\u0142\u00f3wkach misyjnych.<br \/>\nW ci\u0105gu minionych dw\u00f3ch miesi\u0119cy prze\u017cyli\u015bmy sporo wa\u017cnych moment\u00f3w, jak cho\u0107by prezentacja ksi\u0105\u017cki <em>Frate Movida \u2013 Mission possible sulle banchine del Tevere<\/em> (<em>Brat Movida \u2013 misja mo\u017cliwa na nabrze\u017cach Tybru<\/em>), napisanej przez dyrektora centrum fr. Paolo FIASCONARO (Messaggero Padova, s. 192), a ponadto odwiedziny ministra generalnego fr. Carlosa A TROVARELLI, asystenta generalnego FIMP fr. Giovanni VOLTAN, ministra prowincji w\u0142oskiej \u015bw. Franciszka z Asy\u017cu (W\u0142ochy \u015arodkowe) fr. Francesco LENTI i licznych braci z rzymskich dom\u00f3w generalskich. W dniu 25 lipca wymowne by\u0142o przyj\u0119cie na stoisku misyjnym figury Matki Bo\u017cej \u201eFiumarola\u201d, gdy\u017c we wsp\u00f3lnej modlitwie wzi\u0105\u0142 udzia\u0142 kardyna\u0142 wikariusz diecezji rzymskiej Angelo DE DONATIS, burmistrz Rzymu Virginia RAGGI oraz tysi\u0105ce czcicieli Matki Bo\u017cej \u201ede Noantri\u201d.<br \/>\nPos\u0142uga braci na nabrze\u017cach Tybru oraz prezentacja ksi\u0105\u017cki <em>Frate Movida<\/em> wzbudzi\u0142y du\u017ce zainteresowanie w mediach, tak\u017ce spo\u0142eczno\u015bciowych. O tych wydarzeniach informowano w relacjach prasowych i telewizyjnych w<em> Avvenire<\/em>, <em>Corriere della Sera<\/em>, <em>Repubblica<\/em>, <em>Messaggero<\/em>, Rai, TV2000. Ponadto odnotowano oko\u0142o 20 recenzji w r\u00f3\u017cnych sieciach spo\u0142eczno\u015bciowych.<\/p>\n<p>Wideo pt. <em>Mission Possible sulle banchine del Tevere<\/em> mo\u017cna obejrze\u0107 na kanale YOUTUBE <em>Missioni OFMConv<\/em> (<a href=\"https:\/\/youtu.be\/GqzRTFLnnFc\">https:\/\/youtu.be\/GqzRTFLnnFc<\/a>).<\/p>\n<p style=\"text-align: right;\">Lorenza CASSANELLI, sekretarz Franciszka\u0144skiego Centrum Misyjnego<\/p>\nngg_shortcode_0_placeholder\n","protected":false},"excerpt":{"rendered":"<p>W dniach od 20 czerwca do 29 sierpnia 2021 r. Franciszka\u0144skie Centrum Misyjne FIMP (Federazione Intermediterranea Ministri Provinciali) po raz si\u00f3dmy prze\u017cywa\u0142o letnie do\u015bwiadczenie misyjne na nabrze\u017cach Tybru. W tym roku spotkania przebiegaj\u0105ce pod has\u0142em Wzd\u0142u\u017c Tybru w Rzymie \u2013 rzeka kultury odbywa\u0142y si\u0119 na mniejsz\u0105 skal\u0119 ze wzgl\u0119du na Covid, ale nie brakowa\u0142o nap\u0142ywu [&hellip;]<\/p>\n","protected":false},"author":1,"featured_media":37775,"comment_status":"closed","ping_status":"open","sticky":false,"template":"","format":"standard","meta":{"ngg_post_thumbnail":0,"footnotes":""},"categories":[144,149],"tags":[815,356],"class_list":["post-37779","post","type-post","status-publish","format-standard","has-post-thumbnail","category-ufficio-comunicazioni-pl","category-wiadomosci","tag-centrum-misyjne","tag-rzym"],"_links":{"self":[{"href":"https:\/\/www.ofmconv.net\/pl\/wp-json\/wp\/v2\/posts\/37779","targetHints":{"allow":["GET"]}}],"collection":[{"href":"https:\/\/www.ofmconv.net\/pl\/wp-json\/wp\/v2\/posts"}],"about":[{"href":"https:\/\/www.ofmconv.net\/pl\/wp-json\/wp\/v2\/types\/post"}],"author":[{"embeddable":true,"href":"https:\/\/www.ofmconv.net\/pl\/wp-json\/wp\/v2\/users\/1"}],"replies":[{"embeddable":true,"href":"https:\/\/www.ofmconv.net\/pl\/wp-json\/wp\/v2\/comments?post=37779"}],"version-history":[{"count":0,"href":"https:\/\/www.ofmconv.net\/pl\/wp-json\/wp\/v2\/posts\/37779\/revisions"}],"wp:featuredmedia":[{"embeddable":true,"href":"https:\/\/www.ofmconv.net\/pl\/wp-json\/wp\/v2\/media\/37775"}],"wp:attachment":[{"href":"https:\/\/www.ofmconv.net\/pl\/wp-json\/wp\/v2\/media?parent=37779"}],"wp:term":[{"taxonomy":"category","embeddable":true,"href":"https:\/\/www.ofmconv.net\/pl\/wp-json\/wp\/v2\/categories?post=37779"},{"taxonomy":"post_tag","embeddable":true,"href":"https:\/\/www.ofmconv.net\/pl\/wp-json\/wp\/v2\/tags?post=37779"}],"curies":[{"name":"wp","href":"https:\/\/api.w.org\/{rel}","templated":true}]}}