{"id":37907,"date":"2021-09-06T19:37:11","date_gmt":"2021-09-06T17:37:11","guid":{"rendered":"https:\/\/ofmconv.net\/brescia-formazione-del-quinquennio-post-professione-solenne-fimp\/"},"modified":"2021-09-06T19:40:37","modified_gmt":"2021-09-06T17:40:37","slug":"brescia-formazione-del-quinquennio-post-professione-solenne-fimp","status":"publish","type":"post","link":"https:\/\/www.ofmconv.net\/pl\/brescia-formazione-del-quinquennio-post-professione-solenne-fimp\/","title":{"rendered":"Brescia: tydzie\u0144 formacyjny dla braci z federacji FIMP"},"content":{"rendered":"<p><strong>W dniach 23-28 sierpnia 2021 r., w klasztorze \u015bw. Franciszka z Asy\u017cu w Brescii (W\u0142ochy), odby\u0142 si\u0119 tydzie\u0144 formacyjny dla braci, kt\u00f3rzy w ci\u0105gu ostatnich pi\u0119ciu lat z\u0142o\u017cyli profesj\u0119 wieczyst\u0105. W spotkaniu uczestniczy\u0142o 24 zakonnik\u00f3w z r\u00f3\u017cnych jurysdykcji nale\u017c\u0105cych do federacji FIMP (Federazione Intermediterranea Ministri Provinciali). <\/strong><\/p>\n<p>Za koordynacj\u0119 ca\u0142ego przedsi\u0119wzi\u0119cia odpowiedzialny by\u0142 fr. Antonio BERTAZZO. Podj\u0119ty temat: <em>Wzrasta\u0107, aby ubogaca\u0107 si\u0119 \u2013 rozeznawanie i towarzyszenie duchowe<\/em>, zosta\u0142 doceniony przez wszystkich uczestnik\u00f3w ze wzgl\u0119du na mo\u017cliwo\u015b\u0107 pog\u0142\u0119bienia poruszanych tre\u015bci poprzez por\u00f3wnanie z w\u0142asnym konkretnym do\u015bwiadczeniem i \u017cyciem. W ci\u0105gu kilku dni prelekcje wyg\u0142osili nast\u0119puj\u0105cy wsp\u00f3\u0142bracia: fr. Antonio BERTAZZO, fr. Thomas BOURQUEROD, fr. Giancarlo PARIS, fr. Ugo SARTORIO, fr. Giovanni VOLTAN.<br \/>\nRodzinna atmosfera, rado\u015b\u0107 z bycia razem po d\u0142ugim okresie pandemii oraz ciep\u0142e przyj\u0119cie ze strony gwardiana fr. Giancarlo PARIS i ca\u0142ej wsp\u00f3lnoty klasztornej w Brescii nada\u0142y spotkaniu pi\u0119kno, kt\u00f3re pojawia si\u0119 wtedy, gdy \u0142\u0105czy si\u0119 formacj\u0119 ustawiczn\u0105 i braterstwo franciszka\u0144skie. Potwierdzeniem tego by\u0142 r\u00f3wnie\u017c wsp\u00f3lny wyjazd nad pobliskie jezioro Iseo oraz pielgrzymka pod przewodnictwem gwardiana do nieodleg\u0142ej miejscowo\u015bci Corticelle, gdzie znajduje si\u0119 ko\u015bci\u00f3\u0142, w kt\u00f3rym nawr\u00f3ci\u0142 si\u0119 czcigodny s\u0142uga Bo\u017cy fr. Giacomo BULGARO (1879-1967). Zosta\u0142 on pochowany w naszym pi\u0119knym ko\u015bciele \u015bw. Franciszka w Brescii.<br \/>\nZ listu napisanego przez fr. Antonio BERTAZZO do ministr\u00f3w i kustoszy FIMP po zako\u0144czeniu spotkania warto przytoczy\u0107 fragment nawi\u0105zuj\u0105cy do dokonanej weryfikacji: \u201eW latach nast\u0119puj\u0105cych po formacji pocz\u0105tkowej konieczna jest bardziej intensywna formacja w perspektywie pos\u0142ugi duszpasterskiej, ale tak\u017ce w odniesieniu do to\u017csamo\u015bci \u017cycia zakonnego, kt\u00f3re coraz cz\u0119\u015bciej stawia pytania o sens swojego istnienia w Ko\u015bciele i o wymiar naszej pos\u0142ugi jako zakonnik\u00f3w\u201d. W zwi\u0105zku z tym priorytetem nale\u017ca\u0142oby uwypukli\u0107 zagadnienie \u017cycia konsekrowanego w jego uj\u0119ciu teologicznym i charyzmatycznym, podejmuj\u0105c wysi\u0142ek rozeznania do\u015b\u0107 z\u0142o\u017conego dzi\u015b kontekstu kulturowego, spo\u0142ecznego i ko\u015bcielnego.<br \/>\nAsystent generalny FIMP fr. Giovanni VOLTAN, kt\u00f3ry przez kilka dni by\u0142 obecny na spotkaniu, wyra\u017ca podzi\u0119kowanie wsp\u00f3lnocie w Brescii za go\u015bcinne przyj\u0119cie wsp\u00f3\u0142braci. Kieruje r\u00f3wnie\u017c s\u0142owa wdzi\u0119czno\u015bci do fr. Antonio BERTAZZO za to, \u017ce z pasj\u0105 i kompetencj\u0105 zorganizowa\u0142 tydzie\u0144 formacyjny. Na pro\u015bb\u0119 uczestnik\u00f3w odb\u0119dzie si\u0119 jeszcze przynajmniej jedno lub dwa spotkania online, aby lepiej przygotowa\u0107 si\u0119 do przysz\u0142orocznego kursu, kt\u00f3ry przebiegnie pod has\u0142em: <em>S\u0142uchanie i g\u0142oszenie<\/em>.<\/p>\n<p style=\"text-align: right;\">Fr. Giovanni VOLTAN<\/p>\nngg_shortcode_0_placeholder\n","protected":false},"excerpt":{"rendered":"<p>W dniach 23-28 sierpnia 2021 r., w klasztorze \u015bw. Franciszka z Asy\u017cu w Brescii (W\u0142ochy), odby\u0142 si\u0119 tydzie\u0144 formacyjny dla braci, kt\u00f3rzy w ci\u0105gu ostatnich pi\u0119ciu lat z\u0142o\u017cyli profesj\u0119 wieczyst\u0105. W spotkaniu uczestniczy\u0142o 24 zakonnik\u00f3w z r\u00f3\u017cnych jurysdykcji nale\u017c\u0105cych do federacji FIMP (Federazione Intermediterranea Ministri Provinciali). Za koordynacj\u0119 ca\u0142ego przedsi\u0119wzi\u0119cia odpowiedzialny by\u0142 fr. Antonio BERTAZZO. [&hellip;]<\/p>\n","protected":false},"author":1,"featured_media":37902,"comment_status":"closed","ping_status":"open","sticky":false,"template":"","format":"standard","meta":{"ngg_post_thumbnail":0,"footnotes":""},"categories":[131,118,149],"tags":[609],"class_list":["post-37907","post","type-post","status-publish","format-standard","has-post-thumbnail","category-federacje","category-fimp-pl","category-wiadomosci","tag-formacja"],"_links":{"self":[{"href":"https:\/\/www.ofmconv.net\/pl\/wp-json\/wp\/v2\/posts\/37907","targetHints":{"allow":["GET"]}}],"collection":[{"href":"https:\/\/www.ofmconv.net\/pl\/wp-json\/wp\/v2\/posts"}],"about":[{"href":"https:\/\/www.ofmconv.net\/pl\/wp-json\/wp\/v2\/types\/post"}],"author":[{"embeddable":true,"href":"https:\/\/www.ofmconv.net\/pl\/wp-json\/wp\/v2\/users\/1"}],"replies":[{"embeddable":true,"href":"https:\/\/www.ofmconv.net\/pl\/wp-json\/wp\/v2\/comments?post=37907"}],"version-history":[{"count":0,"href":"https:\/\/www.ofmconv.net\/pl\/wp-json\/wp\/v2\/posts\/37907\/revisions"}],"wp:featuredmedia":[{"embeddable":true,"href":"https:\/\/www.ofmconv.net\/pl\/wp-json\/wp\/v2\/media\/37902"}],"wp:attachment":[{"href":"https:\/\/www.ofmconv.net\/pl\/wp-json\/wp\/v2\/media?parent=37907"}],"wp:term":[{"taxonomy":"category","embeddable":true,"href":"https:\/\/www.ofmconv.net\/pl\/wp-json\/wp\/v2\/categories?post=37907"},{"taxonomy":"post_tag","embeddable":true,"href":"https:\/\/www.ofmconv.net\/pl\/wp-json\/wp\/v2\/tags?post=37907"}],"curies":[{"name":"wp","href":"https:\/\/api.w.org\/{rel}","templated":true}]}}