{"id":38551,"date":"2021-09-27T15:13:27","date_gmt":"2021-09-27T13:13:27","guid":{"rendered":"https:\/\/ofmconv.net\/malta-capitolo-provinciale-straordinario\/"},"modified":"2021-09-27T15:16:58","modified_gmt":"2021-09-27T13:16:58","slug":"malta-capitolo-provinciale-straordinario","status":"publish","type":"post","link":"https:\/\/www.ofmconv.net\/pl\/malta-capitolo-provinciale-straordinario\/","title":{"rendered":"Malta: kapitu\u0142a prowincjalna nadzwyczajna"},"content":{"rendered":"<p><strong>W dniach 20-23 wrze\u015bnia 2021 r. prowincja \u015bw. Paw\u0142a Aposto\u0142a na Malcie odby\u0142a kapitu\u0142\u0119 prowincjaln\u0105 nadzwyczajn\u0105.<\/strong><\/p>\n<p>Kapitu\u0142a, zwo\u0142ana i prowadzona przez ministra prowincjalnego fr. Colin SAMMUT, rozpocz\u0119\u0142a si\u0119 w poniedzia\u0142ek 20 wrze\u015bnia dniem skupienia w oratorium towarzystwa misyjnego \u015bw. Paw\u0142a w Birkirkara.<br \/>\nPo po\u0142udniu 21 wrze\u015bnia, w dniu narodowego \u015bwi\u0119ta niepodleg\u0142o\u015bci Malty, wielu braci wybra\u0142o si\u0119 na chwil\u0119 relaksu i rekreacji, op\u0142ywaj\u0105c \u0142odzi\u0105 wysp\u0119 Comino.<br \/>\nW \u015brod\u0119 22 wrze\u015bnia bracia zgromadzili si\u0119 w auli kapitulnej we franciszka\u0144skim centrum kultury w Birkirkara, aby om\u00f3wi\u0107 zmiany w Statutach prowincjalnych. Obecny by\u0142 asystent generalny fr. Giovanni VOLTAN, a w prace w\u0142\u0105czy\u0142 si\u0119 online r\u00f3wnie\u017c prokurator generalny fr. Maurizio DI PAOLO.<br \/>\nOstatni dzie\u0144, 23 wrze\u015bnia, rozpocz\u0105\u0142 si\u0119 Msz\u0105 \u015bw., a potem kontynuowano prace nad rewizj\u0105 Statut\u00f3w prowincjalnych, dyskutuj\u0105c i g\u0142osuj\u0105c nad ka\u017cdym paragrafem. Konstruktywna i rodzinna atmosfera pozwoli\u0142a na jednog\u0142o\u015bne zatwierdzenie dokumentu.<br \/>\nW po\u0142owie czteroletniej kadencji (2019-2023) by\u0142o wystarczaj\u0105co du\u017co czasu, aby w duchu rozeznania zastanowi\u0107 si\u0119 te\u017c nad tera\u017aniejszo\u015bci\u0105 i przysz\u0142o\u015bci\u0105 prowincji. I w tym punkcie nie zabrak\u0142o opinii i do\u015bwiadcze\u0144 wniesionych przez poszczeg\u00f3lnych braci. Jest \u015bwiadomo\u015b\u0107, \u017ce trzeba zacz\u0105\u0107 od wys\u0142uchania braci, aby nast\u0119pnie, rozwa\u017caj\u0105c S\u0142owo Bo\u017ce, zrozumie\u0107, o co prosi nas Pan B\u00f3g dzisiaj i w nadchodz\u0105cym czasie.<\/p>\n<p style=\"text-align: right;\">Fr. Allister M. AQUILINA, sekretarz kapitu\u0142y<\/p>\nngg_shortcode_0_placeholder\n","protected":false},"excerpt":{"rendered":"<p>W dniach 20-23 wrze\u015bnia 2021 r. prowincja \u015bw. Paw\u0142a Aposto\u0142a na Malcie odby\u0142a kapitu\u0142\u0119 prowincjaln\u0105 nadzwyczajn\u0105. Kapitu\u0142a, zwo\u0142ana i prowadzona przez ministra prowincjalnego fr. Colin SAMMUT, rozpocz\u0119\u0142a si\u0119 w poniedzia\u0142ek 20 wrze\u015bnia dniem skupienia w oratorium towarzystwa misyjnego \u015bw. Paw\u0142a w Birkirkara. Po po\u0142udniu 21 wrze\u015bnia, w dniu narodowego \u015bwi\u0119ta niepodleg\u0142o\u015bci Malty, wielu braci wybra\u0142o [&hellip;]<\/p>\n","protected":false},"author":1,"featured_media":38547,"comment_status":"closed","ping_status":"open","sticky":false,"template":"","format":"standard","meta":{"ngg_post_thumbnail":0,"footnotes":""},"categories":[131,118,149],"tags":[193,1163],"class_list":["post-38551","post","type-post","status-publish","format-standard","has-post-thumbnail","category-federacje","category-fimp-pl","category-wiadomosci","tag-kapitula","tag-malta-pl"],"_links":{"self":[{"href":"https:\/\/www.ofmconv.net\/pl\/wp-json\/wp\/v2\/posts\/38551","targetHints":{"allow":["GET"]}}],"collection":[{"href":"https:\/\/www.ofmconv.net\/pl\/wp-json\/wp\/v2\/posts"}],"about":[{"href":"https:\/\/www.ofmconv.net\/pl\/wp-json\/wp\/v2\/types\/post"}],"author":[{"embeddable":true,"href":"https:\/\/www.ofmconv.net\/pl\/wp-json\/wp\/v2\/users\/1"}],"replies":[{"embeddable":true,"href":"https:\/\/www.ofmconv.net\/pl\/wp-json\/wp\/v2\/comments?post=38551"}],"version-history":[{"count":0,"href":"https:\/\/www.ofmconv.net\/pl\/wp-json\/wp\/v2\/posts\/38551\/revisions"}],"wp:featuredmedia":[{"embeddable":true,"href":"https:\/\/www.ofmconv.net\/pl\/wp-json\/wp\/v2\/media\/38547"}],"wp:attachment":[{"href":"https:\/\/www.ofmconv.net\/pl\/wp-json\/wp\/v2\/media?parent=38551"}],"wp:term":[{"taxonomy":"category","embeddable":true,"href":"https:\/\/www.ofmconv.net\/pl\/wp-json\/wp\/v2\/categories?post=38551"},{"taxonomy":"post_tag","embeddable":true,"href":"https:\/\/www.ofmconv.net\/pl\/wp-json\/wp\/v2\/tags?post=38551"}],"curies":[{"name":"wp","href":"https:\/\/api.w.org\/{rel}","templated":true}]}}