{"id":38586,"date":"2021-09-27T15:33:26","date_gmt":"2021-09-27T13:33:26","guid":{"rendered":"https:\/\/ofmconv.net\/seraphicum-nuovo-anno-accademico-della-scuola-di-grafologia\/"},"modified":"2021-09-27T15:36:20","modified_gmt":"2021-09-27T13:36:20","slug":"seraphicum-nuovo-anno-accademico-della-scuola-di-grafologia","status":"publish","type":"post","link":"https:\/\/www.ofmconv.net\/pl\/seraphicum-nuovo-anno-accademico-della-scuola-di-grafologia\/","title":{"rendered":"Seraphicum: nowy rok akademicki w szkole grafologii"},"content":{"rendered":"<p><strong>24 wrze\u015bnia 2021 r., na Papieskim Wydziale Teologicznym \u015aw. Bonawentury (Seraphicum) w Rzymie, z udzia\u0142em dr Eleonory GAUDENZI, przewodnicz\u0105cej W\u0142oskiego Stowarzyszenia Grafologicznego, wyk\u0142adowc\u00f3w i licznych student\u00f3w, rozpocz\u0105\u0142 si\u0119 nowy rok w szkole grafologii.<\/strong><\/p>\n<p>W swoim wyst\u0105pieniu przewodnicz\u0105ca GAUDENZI zach\u0119ci\u0142a do kontynuowania obranej drogi, zmierzaj\u0105cej w kierunku podnoszenia jako\u015bci nauczania i harmonii ze stowarzyszeniem grafologicznym. Kierownik szko\u0142y fr. Raffaele DI MURO uczyni\u0142 w\u0142asn\u0105 t\u0119 zach\u0119t\u0119 i zapewni\u0142 o najwy\u017cszym zaanga\u017cowaniu w rozw\u00f3j naukowy i organizacyjny, id\u0105c w \u015blad za dziedzictwem naszego wsp\u00f3\u0142brata fr. Girolamo MORETTI.<br \/>\nFr. Raffaele DI MURO przedstawi\u0142 trzyletni kurs, specjalizacje i grono wyk\u0142adowc\u00f3w. Jest to zgrany zesp\u00f3\u0142, do kt\u00f3rego do\u0142\u0105czaj\u0105 kolejni wykwalifikowani cz\u0142onkowie. Nast\u0119pnie rozpocz\u0119\u0142y si\u0119 zaj\u0119cia dla ka\u017cdego roku kursu. U wszystkich uczestnik\u00f3w by\u0142 widoczny entuzjazm i optymizm. Na koniec zaprezentowano odznaczenie za ca\u0142okszta\u0142t kariery naukowej, jakie zostanie wr\u0119czone znanemu emerytowanemu profesorowi Franco TORBIDONI.<\/p>\n<p style=\"text-align: right;\">Fr. Raffaele DI MURO<\/p>\nngg_shortcode_0_placeholder\n","protected":false},"excerpt":{"rendered":"<p>24 wrze\u015bnia 2021 r., na Papieskim Wydziale Teologicznym \u015aw. Bonawentury (Seraphicum) w Rzymie, z udzia\u0142em dr Eleonory GAUDENZI, przewodnicz\u0105cej W\u0142oskiego Stowarzyszenia Grafologicznego, wyk\u0142adowc\u00f3w i licznych student\u00f3w, rozpocz\u0105\u0142 si\u0119 nowy rok w szkole grafologii. W swoim wyst\u0105pieniu przewodnicz\u0105ca GAUDENZI zach\u0119ci\u0142a do kontynuowania obranej drogi, zmierzaj\u0105cej w kierunku podnoszenia jako\u015bci nauczania i harmonii ze stowarzyszeniem grafologicznym. Kierownik [&hellip;]<\/p>\n","protected":false},"author":1,"featured_media":38582,"comment_status":"closed","ping_status":"open","sticky":false,"template":"","format":"standard","meta":{"ngg_post_thumbnail":0,"footnotes":""},"categories":[144,149],"tags":[2146,335],"class_list":["post-38586","post","type-post","status-publish","format-standard","has-post-thumbnail","category-ufficio-comunicazioni-pl","category-wiadomosci","tag-grafologia-pl","tag-seraphicum-pl"],"_links":{"self":[{"href":"https:\/\/www.ofmconv.net\/pl\/wp-json\/wp\/v2\/posts\/38586","targetHints":{"allow":["GET"]}}],"collection":[{"href":"https:\/\/www.ofmconv.net\/pl\/wp-json\/wp\/v2\/posts"}],"about":[{"href":"https:\/\/www.ofmconv.net\/pl\/wp-json\/wp\/v2\/types\/post"}],"author":[{"embeddable":true,"href":"https:\/\/www.ofmconv.net\/pl\/wp-json\/wp\/v2\/users\/1"}],"replies":[{"embeddable":true,"href":"https:\/\/www.ofmconv.net\/pl\/wp-json\/wp\/v2\/comments?post=38586"}],"version-history":[{"count":0,"href":"https:\/\/www.ofmconv.net\/pl\/wp-json\/wp\/v2\/posts\/38586\/revisions"}],"wp:featuredmedia":[{"embeddable":true,"href":"https:\/\/www.ofmconv.net\/pl\/wp-json\/wp\/v2\/media\/38582"}],"wp:attachment":[{"href":"https:\/\/www.ofmconv.net\/pl\/wp-json\/wp\/v2\/media?parent=38586"}],"wp:term":[{"taxonomy":"category","embeddable":true,"href":"https:\/\/www.ofmconv.net\/pl\/wp-json\/wp\/v2\/categories?post=38586"},{"taxonomy":"post_tag","embeddable":true,"href":"https:\/\/www.ofmconv.net\/pl\/wp-json\/wp\/v2\/tags?post=38586"}],"curies":[{"name":"wp","href":"https:\/\/api.w.org\/{rel}","templated":true}]}}