{"id":38963,"date":"2021-10-06T16:55:57","date_gmt":"2021-10-06T14:55:57","guid":{"rendered":"https:\/\/ofmconv.net\/roma-triduo-e-festa-di-s-francesco-ai-ss-apostoli\/"},"modified":"2021-10-06T17:00:12","modified_gmt":"2021-10-06T15:00:12","slug":"roma-triduo-e-festa-di-s-francesco-ai-ss-apostoli","status":"publish","type":"post","link":"https:\/\/www.ofmconv.net\/pl\/roma-triduo-e-festa-di-s-francesco-ai-ss-apostoli\/","title":{"rendered":"Rzym: triduum i\u00a0uroczysto\u015b\u0107 \u015bw.\u00a0Franciszka z\u00a0Asy\u017cu"},"content":{"rendered":"<p><strong>Tegoroczne pierwsze dwa dni triduum przed uroczysto\u015bci\u0105 \u015bw. Franciszka z Asy\u017cu w bazylice \u015awi\u0119tych Dwunastu Aposto\u0142\u00f3w w Rzymie, 1-2 pa\u017adziernika 2021 r., prowadzi\u0142 postulator generalny fr. Zdzis\u0142aw KIJAS.<\/strong><\/p>\n<p>W swoich kazaniach m\u00f3wca zastanawia\u0142 si\u0119 nad \u015bwi\u0119to\u015bci\u0105 \u015bw. Franciszka w kontek\u015bcie \u00f3wczesnej historii i dzisiejszych dziej\u00f3w.<br \/>\nW niedziel\u0119 3 pa\u017adziernika gwardian klasztoru \u015awi\u0119tych Dwunastu Aposto\u0142\u00f3w fr. Francesco CELESTINO przewodniczy\u0142 nabo\u017ce\u0144stwu Transitus i pierwszym nieszporom ku czci serafickiego ojca. W obecno\u015bci wielu wsp\u00f3\u0142braci z dom\u00f3w generalskich w Rzymie, braci i si\u00f3str z Franciszka\u0144skiego Zakonu \u015awieckich oraz mieszkaj\u0105cych w pobli\u017cu si\u00f3str zakonnych fr. CELESTINO podj\u0105\u0142 refleksj\u0119 nad znaczeniem poszczeg\u00f3lnych liter, kt\u00f3re sk\u0142adaj\u0105 si\u0119 na imi\u0119 patrona W\u0142och (po w\u0142osku: <em>Francesco<\/em>). Rozpocz\u0105\u0142 od litery \u201eF\u201d (<em>fantasia<\/em>), m\u00f3wi\u0105cej o pewnej tw\u00f3rczej fantazji, jaka charakteryzowa\u0142a \u017cycie i dzie\u0142o biedaczyny, a zako\u0144czy\u0142 na literze \u201eO\u201d (<em>ordine<\/em>), wskazuj\u0105cej na porz\u0105dek, kt\u00f3rym ka\u017cdy ochrzczony winien kierowa\u0107 si\u0119 w konkrecie codziennego \u017cycia.<br \/>\nNa uroczyst\u0105 Msz\u0119 \u015bw. w dniu \u015bw. Franciszka, 4 pa\u017adziernika 2021 r., kt\u00f3rej przewodniczy\u0142 minister generalny fr. Carlos A. TROVARELLI, przybyli gwardiani dom\u00f3w generalskich i wsp\u00f3\u0142bracia mieszkaj\u0105cy w Rzymie. W swojej homilii minister generalny zach\u0119ci\u0142 wszystkich zgromadzonych do na\u015bladowania serafickiego ojca w jego upodobnieniu si\u0119 do Chrystusa i w rado\u015bci ca\u0142kowitego oddania si\u0119 Bogu i braciom.<br \/>\nDzi\u0119kujemy braciom klerykom z mi\u0119dzynarodowego kolegium \u015bw. Bonawentury (Seraphicum) za pos\u0142ug\u0119 liturgiczn\u0105, a tak\u017ce fr. Gennaro BECCHIMANZI, fr. Mark D. FOLGER i ch\u00f3rowi za opraw\u0119 muzyczn\u0105.<\/p>\n<p style=\"text-align: right;\">Biuro ds. komunikacji<\/p>\nngg_shortcode_0_placeholder\n","protected":false},"excerpt":{"rendered":"<p>Tegoroczne pierwsze dwa dni triduum przed uroczysto\u015bci\u0105 \u015bw. Franciszka z Asy\u017cu w bazylice \u015awi\u0119tych Dwunastu Aposto\u0142\u00f3w w Rzymie, 1-2 pa\u017adziernika 2021 r., prowadzi\u0142 postulator generalny fr. Zdzis\u0142aw KIJAS. W swoich kazaniach m\u00f3wca zastanawia\u0142 si\u0119 nad \u015bwi\u0119to\u015bci\u0105 \u015bw. Franciszka w kontek\u015bcie \u00f3wczesnej historii i dzisiejszych dziej\u00f3w. W niedziel\u0119 3 pa\u017adziernika gwardian klasztoru \u015awi\u0119tych Dwunastu Aposto\u0142\u00f3w fr. [&hellip;]<\/p>\n","protected":false},"author":1,"featured_media":38959,"comment_status":"closed","ping_status":"open","sticky":false,"template":"","format":"standard","meta":{"ngg_post_thumbnail":0,"footnotes":""},"categories":[144,149],"tags":[336,1930,356],"class_list":["post-38963","post","type-post","status-publish","format-standard","has-post-thumbnail","category-ufficio-comunicazioni-pl","category-wiadomosci","tag-domy-generalne","tag-kuria-generalna","tag-rzym"],"_links":{"self":[{"href":"https:\/\/www.ofmconv.net\/pl\/wp-json\/wp\/v2\/posts\/38963","targetHints":{"allow":["GET"]}}],"collection":[{"href":"https:\/\/www.ofmconv.net\/pl\/wp-json\/wp\/v2\/posts"}],"about":[{"href":"https:\/\/www.ofmconv.net\/pl\/wp-json\/wp\/v2\/types\/post"}],"author":[{"embeddable":true,"href":"https:\/\/www.ofmconv.net\/pl\/wp-json\/wp\/v2\/users\/1"}],"replies":[{"embeddable":true,"href":"https:\/\/www.ofmconv.net\/pl\/wp-json\/wp\/v2\/comments?post=38963"}],"version-history":[{"count":0,"href":"https:\/\/www.ofmconv.net\/pl\/wp-json\/wp\/v2\/posts\/38963\/revisions"}],"wp:featuredmedia":[{"embeddable":true,"href":"https:\/\/www.ofmconv.net\/pl\/wp-json\/wp\/v2\/media\/38959"}],"wp:attachment":[{"href":"https:\/\/www.ofmconv.net\/pl\/wp-json\/wp\/v2\/media?parent=38963"}],"wp:term":[{"taxonomy":"category","embeddable":true,"href":"https:\/\/www.ofmconv.net\/pl\/wp-json\/wp\/v2\/categories?post=38963"},{"taxonomy":"post_tag","embeddable":true,"href":"https:\/\/www.ofmconv.net\/pl\/wp-json\/wp\/v2\/tags?post=38963"}],"curies":[{"name":"wp","href":"https:\/\/api.w.org\/{rel}","templated":true}]}}