{"id":39492,"date":"2021-10-21T07:20:00","date_gmt":"2021-10-21T05:20:00","guid":{"rendered":"https:\/\/ofmconv.net\/calabria-medaglia-al-merito-accademico-per-fra-rocco-predoti\/"},"modified":"2021-10-21T07:23:34","modified_gmt":"2021-10-21T05:23:34","slug":"calabria-medaglia-al-merito-accademico-per-fra-rocco-predoti","status":"publish","type":"post","link":"https:\/\/www.ofmconv.net\/pl\/calabria-medaglia-al-merito-accademico-per-fra-rocco-predoti\/","title":{"rendered":"Kalabria: odznaczenie za zas\u0142ugi akademickie dla fr. Rocco PREDOTI"},"content":{"rendered":"<p><strong>14 pa\u017adziernika 2021 r. fr. Rocco PREDOTI z kustodii prowincjalnej \u015bwi\u0119tych Daniela i towarzyszy m\u0119czennik\u00f3w we W\u0142oszech (Kalabria) otrzyma\u0142 medal zas\u0142ugi akademickiej za uzyskanie tytu\u0142u doktorskiego w przewidzianym terminie z ocen\u0105 <em>summa cum laude<\/em> (30\/30). Uroczysto\u015b\u0107 odby\u0142a si\u0119 na Papieskim Uniwersytecie Salezja\u0144skim w Rzymie, a odznaczenie wr\u0119czy\u0142 wielki kanclerz ks. \u00c1ngel F\u00e9rnandez ARTIME. Udzia\u0142 wzi\u0105\u0142 r\u00f3wnie\u017c kard. Mario GRECH, sekretarz generalny synodu biskup\u00f3w.<\/strong><\/p>\n<p>Fr. Rocco PREDOTI napisa\u0142 rozpraw\u0119 doktorsk\u0105 z teologii pastoralnej ze specjalizacj\u0105 w katechetyce (nosi tytu\u0142: <em>Zrozumie\u0107 to\u017csamo\u015b\u0107 cz\u0142owieka cyfrowego. Antropologia wsp\u00f3\u0142czesnego j\u0119zyka cyfrowego i implikacje katechetyczne<\/em>) pod kierunkiem prof. Salvatore CURR\u00d2 i obroni\u0142 j\u0105 21 marca 2021 r. w Rzymie. Kilka lat wcze\u015bniej, 21 czerwca 2015 r., uzyska\u0142 bakalaureat w Instytucie Teologicznym w Asy\u017cu, a 22 czerwca 2017 r. licencjat z teologii katechetycznej w Instytucie \u015aw. Tomasza w Mesynie.<br \/>\nObecnie pe\u0142ni funkcj\u0119 gwardiana w klasztorze Naj\u015bwi\u0119tszego Serca Jezusowego w Catanzaro Lido oraz definitora prowincji \u015bwi\u0119tych Agaty i \u0141ucji we W\u0142oszech (Sycylia). Jest animatorem duszpasterstwa m\u0142odzie\u017cowego i powo\u0142aniowego na ca\u0142\u0105 Kalabri\u0119, a tak\u017ce wyk\u0142adowc\u0105 w Kalabryjskim Instytucie Teologicznym w Catanzaro w zakresie katechetyki oraz teorii i praktyki komunikacji. Wsp\u00f3\u0142pracuje jako wyk\u0142adowca na kursie franciszkanizmu \u201e\u015aladami Franciszka i Klary\u201d w Seraphicum w Rzymie.<\/p>\n<p style=\"text-align: right;\">Fr. Giorgio TASSONE<\/p>\nngg_shortcode_0_placeholder\n","protected":false},"excerpt":{"rendered":"<p>14 pa\u017adziernika 2021 r. fr. Rocco PREDOTI z kustodii prowincjalnej \u015bwi\u0119tych Daniela i towarzyszy m\u0119czennik\u00f3w we W\u0142oszech (Kalabria) otrzyma\u0142 medal zas\u0142ugi akademickiej za uzyskanie tytu\u0142u doktorskiego w przewidzianym terminie z ocen\u0105 summa cum laude (30\/30). Uroczysto\u015b\u0107 odby\u0142a si\u0119 na Papieskim Uniwersytecie Salezja\u0144skim w Rzymie, a odznaczenie wr\u0119czy\u0142 wielki kanclerz ks. \u00c1ngel F\u00e9rnandez ARTIME. Udzia\u0142 wzi\u0105\u0142 [&hellip;]<\/p>\n","protected":false},"author":1,"featured_media":39488,"comment_status":"closed","ping_status":"open","sticky":false,"template":"","format":"standard","meta":{"ngg_post_thumbnail":0,"footnotes":""},"categories":[131,118,149],"tags":[1823],"class_list":["post-39492","post","type-post","status-publish","format-standard","has-post-thumbnail","category-federacje","category-fimp-pl","category-wiadomosci","tag-wlochy-kalabria"],"_links":{"self":[{"href":"https:\/\/www.ofmconv.net\/pl\/wp-json\/wp\/v2\/posts\/39492","targetHints":{"allow":["GET"]}}],"collection":[{"href":"https:\/\/www.ofmconv.net\/pl\/wp-json\/wp\/v2\/posts"}],"about":[{"href":"https:\/\/www.ofmconv.net\/pl\/wp-json\/wp\/v2\/types\/post"}],"author":[{"embeddable":true,"href":"https:\/\/www.ofmconv.net\/pl\/wp-json\/wp\/v2\/users\/1"}],"replies":[{"embeddable":true,"href":"https:\/\/www.ofmconv.net\/pl\/wp-json\/wp\/v2\/comments?post=39492"}],"version-history":[{"count":0,"href":"https:\/\/www.ofmconv.net\/pl\/wp-json\/wp\/v2\/posts\/39492\/revisions"}],"wp:featuredmedia":[{"embeddable":true,"href":"https:\/\/www.ofmconv.net\/pl\/wp-json\/wp\/v2\/media\/39488"}],"wp:attachment":[{"href":"https:\/\/www.ofmconv.net\/pl\/wp-json\/wp\/v2\/media?parent=39492"}],"wp:term":[{"taxonomy":"category","embeddable":true,"href":"https:\/\/www.ofmconv.net\/pl\/wp-json\/wp\/v2\/categories?post=39492"},{"taxonomy":"post_tag","embeddable":true,"href":"https:\/\/www.ofmconv.net\/pl\/wp-json\/wp\/v2\/tags?post=39492"}],"curies":[{"name":"wp","href":"https:\/\/api.w.org\/{rel}","templated":true}]}}