{"id":40155,"date":"2021-11-11T18:44:41","date_gmt":"2021-11-11T17:44:41","guid":{"rendered":"https:\/\/ofmconv.net\/assisi-un-nuovo-sguardo-giovane\/"},"modified":"2021-11-11T18:49:32","modified_gmt":"2021-11-11T17:49:32","slug":"assisi-un-nuovo-sguardo-giovane","status":"publish","type":"post","link":"https:\/\/www.ofmconv.net\/pl\/assisi-un-nuovo-sguardo-giovane\/","title":{"rendered":"Asy\u017c: nowe spojrzenie m\u0142odzie\u0144cze"},"content":{"rendered":"<p><strong><em>W ubieg\u0142ym roku (2020), z powodu pandemii, nie mog\u0142o odby\u0107 si\u0119 tradycyjne spotkanie dla w\u0142oskiej m\u0142odzie\u017cy \u201eGiovani verso Assisi\u201d i zosta\u0142o ono zast\u0105pione specjaln\u0105 edycj\u0105 online. W tym roku, przy zachowaniu wszelkich \u015brodk\u00f3w ostro\u017cno\u015bci, mo\u017cna by\u0142o osobi\u015bcie uczestniczy\u0107 w 41. narodowym spotkaniu \u201eGiovani verso Assisi\u201d, na kt\u00f3re przyby\u0142o do Asy\u017cu oko\u0142o 250 m\u0142odych ludzi (o wiele mniej ni\u017c przed pandemi\u0105) ze wszystkich region\u00f3w W\u0142och. Na spotkaniu podj\u0119to temat naszej relacji ze stworzeniem, pog\u0142\u0119biaj\u0105c go w \u015bwietle \u201ePie\u015bni s\u0142onecznej\u201d \u015bw. Franciszka i w perspektywie encykliki \u201eLaudato si\u2019\u201d papie\u017ca Franciszka.<br \/>\n<\/em><em>Zamieszczamy \u015bwiadectwo przedstawicielki m\u0142odzie\u017cy odzwierciedlaj\u0105ce prze\u017cycia os\u00f3b uczestnicz\u0105cych w spotkaniu po raz pierwszy.<\/em><\/strong><\/p>\n<p>W dniach 28 pa\u017adziernika \u2013 1 listopada 2021 r. odby\u0142o si\u0119 w Asy\u017cu 41. spotkanie m\u0142odzie\u017cy <strong>\u201eGiovani verso Assisi\u201d<\/strong>. Po dw\u00f3ch d\u0142ugich i trudnych latach m\u0142odzie\u017c mia\u0142a okazj\u0119 spotka\u0107 si\u0119 ponownie, spojrze\u0107 sobie w twarz. Jeszcze jeden raz to spojrzenie staje si\u0119 pod\u0142o\u017cem i centrum wszystkiego. Udzia\u0142 w spotkaniu \u201eGiovani verso Assisi\u201d po raz pierwszy jest zawsze do\u015bwiadczeniem, kt\u00f3re pozostaje wyryte w sercu i umy\u015ble. Ale tym, co uderza nowych uczestnik\u00f3w tego narodowego spotkania, jest w\u0142a\u015bnie spojrzenie obecnych: zakonnicy, zakonnice, m\u0142odzie\u017c, wszyscy z u\u015bmiechni\u0119tymi, zara\u017aliwymi oczami, kt\u00f3re wzywaj\u0105 do dzia\u0142ania, kt\u00f3re sprawiaj\u0105, \u017ce ka\u017cdy czuje si\u0119 wa\u017cny, kt\u00f3re m\u00f3wi\u0105 o Bogu.<\/p>\n<p>Podczas tegorocznego spotkania punktem wyj\u015bcia r\u00f3wnie\u017c by\u0142o spojrzenie. Chodzi o spojrzenie, kt\u00f3re Jezus kieruje na Zacheusza (om\u00f3wione w <em>lectio divina<\/em> przez fr. Gianni CAPPELLETTO w pi\u0105tek 29 pa\u017adziernika), albo o spojrzenie, kt\u00f3re Franciszek dostrzega na krucyfiksie w ko\u015bciele \u015bw. Damiana (podkre\u015blone w czuwaniu modlitewnym rozpoczynaj\u0105cym spotkanie). Dla tych dw\u00f3ch wspomnianych os\u00f3b wszystko zacz\u0119\u0142o si\u0119 od spojrzenia mi\u0142o\u015bci. W pewnym sensie tak\u017ce uczestnicy spotkania odczuwaj\u0105 to samo. M\u0142odzi s\u0105 zaproszeni do przyj\u0119cia nowej perspektywy, zw\u0142aszcza w czterech relacjach, kt\u00f3re prze\u017cywaj\u0105 w \u017cyciu codziennym: w relacji z Bogiem, z samym sob\u0105, z bra\u0107mi i ze stworzeniem.<\/p>\n<p>Niekwestionowanym protagonist\u0105 tych dni by\u0142o w\u0142a\u015bnie stworzenie. Temat 41. spotkania zaczerpni\u0119to zreszt\u0105 z pie\u015bni asyskiego \u015bwi\u0119tego: <em>Cum tucte le tue creature<\/em> (<em>Ze wszystkimi Twymi stworzeniami<\/em>). Franciszek dostrzega\u0142 Dawc\u0119 w ka\u017cdym darze, Mi\u0142o\u015b\u0107 Pana w ka\u017cdym stworzeniu, w tym, co go rozgrzewa\u0142o lub roz\u015bwietla\u0142o mu drog\u0119, w tym, co gasi\u0142o jego pragnienie i orze\u017awia\u0142o go. Wszyscy jeste\u015bmy zaproszeni, by czyni\u0107 to samo: docenia\u0107 to, co zosta\u0142o nam dane i troszczy\u0107 si\u0119 o otrzymane dary, mie\u0107 to samo spojrzenie \u0142aski i mi\u0142o\u015bci wobec tego, co nas otacza, a zw\u0142aszcza wobec naszych braci i si\u00f3str, d\u0105\u017c\u0105c do nowego stylu \u017cycia, kt\u00f3ry stawia na dobro wszystkich ludzi.<\/p>\n<p>Po raz kolejny to doroczne spotkanie nie pozostawi\u0142o nikogo oboj\u0119tnym: m\u0142odzi s\u0142uchali, modlili si\u0119, dyskutowali na bardzo aktualne tematy, kt\u00f3re s\u0105 im bliskie. W tym samym czasie, podczas spotkania G20 w Rzymie, najwy\u017csi przyw\u00f3dcy \u015bwiata rozwa\u017cali te same kwestie.<\/p>\n<p>Z mo\u017cliwo\u015bci rozmowy z zakonnikiem lub zakonnic\u0105 korzysta\u0142o wielu, wszyscy byli poszukuj\u0105cy, uwa\u017cni. To tak, jakby odleg\u0142o\u015b\u0107 i nieobecno\u015b\u0107, w kt\u00f3rych zmuszeni byli\u015bmy \u017cy\u0107 przez ostatnie dwa lata, zosta\u0142y na chwil\u0119 pokonane i zapomniane. By\u0142o to z pewno\u015bci\u0105 inne spotkanie ni\u017c poprzednie, gdy\u017c przyby\u0142o mniej uczestnik\u00f3w, pojawi\u0142o si\u0119 mniej okazji do wymiany pogl\u0105d\u00f3w, ale w ka\u017cdym razie by\u0142 to czas \u0142aski.<\/p>\n<p>Na zako\u0144czenie spotkania minister generalny fr. Carlos TROVARELLI wypowiedzia\u0142 wa\u017cne s\u0142owa, w kt\u00f3rych zach\u0119ci\u0142 m\u0142odzie\u017c, aby nawi\u0105zywa\u0142a znacz\u0105ce relacje w \u015bwiecie, pozwala\u0142a by\u0107 mi\u0142owan\u0105 przez Boga i kocha\u0142a wed\u0142ug Jego serca.<\/p>\n<p>Teraz do m\u0142odych nale\u017cy dokonanie pewnego zwrotu, wniesienie nowego spojrzenia, nowego \u015bwiat\u0142a na \u015bwiat. Na spotkaniu \u201eGiovani verso Assisi\u201d s\u0142uchamy, rozmawiamy, modlimy si\u0119, spotykamy setki ludzi, a potem spotykamy tego Jednego i czyje\u015b \u017cycie zmienia si\u0119 czasem na zawsze.<\/p>\n<p style=\"text-align: right;\">Rebecca NOGARA<\/p>\nngg_shortcode_0_placeholder\n","protected":false},"excerpt":{"rendered":"<p>W ubieg\u0142ym roku (2020), z powodu pandemii, nie mog\u0142o odby\u0107 si\u0119 tradycyjne spotkanie dla w\u0142oskiej m\u0142odzie\u017cy \u201eGiovani verso Assisi\u201d i zosta\u0142o ono zast\u0105pione specjaln\u0105 edycj\u0105 online. W tym roku, przy zachowaniu wszelkich \u015brodk\u00f3w ostro\u017cno\u015bci, mo\u017cna by\u0142o osobi\u015bcie uczestniczy\u0107 w 41. narodowym spotkaniu \u201eGiovani verso Assisi\u201d, na kt\u00f3re przyby\u0142o do Asy\u017cu oko\u0142o 250 m\u0142odych ludzi (o [&hellip;]<\/p>\n","protected":false},"author":1,"featured_media":40151,"comment_status":"closed","ping_status":"open","sticky":false,"template":"","format":"standard","meta":{"ngg_post_thumbnail":0,"footnotes":""},"categories":[131,118,149],"tags":[235,2313],"class_list":["post-40155","post","type-post","status-publish","format-standard","has-post-thumbnail","category-federacje","category-fimp-pl","category-wiadomosci","tag-asyz","tag-giovani-verso-assisi"],"_links":{"self":[{"href":"https:\/\/www.ofmconv.net\/pl\/wp-json\/wp\/v2\/posts\/40155","targetHints":{"allow":["GET"]}}],"collection":[{"href":"https:\/\/www.ofmconv.net\/pl\/wp-json\/wp\/v2\/posts"}],"about":[{"href":"https:\/\/www.ofmconv.net\/pl\/wp-json\/wp\/v2\/types\/post"}],"author":[{"embeddable":true,"href":"https:\/\/www.ofmconv.net\/pl\/wp-json\/wp\/v2\/users\/1"}],"replies":[{"embeddable":true,"href":"https:\/\/www.ofmconv.net\/pl\/wp-json\/wp\/v2\/comments?post=40155"}],"version-history":[{"count":0,"href":"https:\/\/www.ofmconv.net\/pl\/wp-json\/wp\/v2\/posts\/40155\/revisions"}],"wp:featuredmedia":[{"embeddable":true,"href":"https:\/\/www.ofmconv.net\/pl\/wp-json\/wp\/v2\/media\/40151"}],"wp:attachment":[{"href":"https:\/\/www.ofmconv.net\/pl\/wp-json\/wp\/v2\/media?parent=40155"}],"wp:term":[{"taxonomy":"category","embeddable":true,"href":"https:\/\/www.ofmconv.net\/pl\/wp-json\/wp\/v2\/categories?post=40155"},{"taxonomy":"post_tag","embeddable":true,"href":"https:\/\/www.ofmconv.net\/pl\/wp-json\/wp\/v2\/tags?post=40155"}],"curies":[{"name":"wp","href":"https:\/\/api.w.org\/{rel}","templated":true}]}}