{"id":40235,"date":"2021-11-12T15:49:18","date_gmt":"2021-11-12T14:49:18","guid":{"rendered":"https:\/\/ofmconv.net\/roma-seraphicum-breve-corso-di-formazione-per-clarisse-e-frati\/"},"modified":"2021-11-12T15:54:13","modified_gmt":"2021-11-12T14:54:13","slug":"roma-seraphicum-breve-corso-di-formazione-per-clarisse-e-frati","status":"publish","type":"post","link":"https:\/\/www.ofmconv.net\/pl\/roma-seraphicum-breve-corso-di-formazione-per-clarisse-e-frati\/","title":{"rendered":"Rzym-Seraphicum: kurs formacyjny dla klarysek i franciszkan\u00f3w"},"content":{"rendered":"<p><strong>W dniach 4-7 listopada 2021 r. delegacja klarysek urbanistek z klasztor\u00f3w federacji \u015bw. Klary z Asy\u017cu, grupa wsp\u00f3\u0142braci zakonnych z prowincji w\u0142oskiej \u015bw. Antoniego z Padwy (W\u0142ochy P\u00f3\u0142nocne), studenci z postnowicjatu w Rivotorto i z kolegium Seraphicum spotkali si\u0119 w Seraphicum w Rzymie na kr\u00f3tkim kursie formacyjnym, maj\u0105cym na celu pog\u0142\u0119bienie Regu\u0142 za\u0142o\u017cycieli i charyzmatu franciszka\u0144sko-klaria\u0144skiego w \u015bwietle konkretnych do\u015bwiadcze\u0144 Pierwszego i Drugiego Zakonu w dzisiejszym \u015bwiecie.<\/strong><\/p>\n<p>Spotkanie, zorganizowane przez federacj\u0119 \u015bw. Klary z Asy\u017cu si\u00f3str klarysek urbanistek we W\u0142oszech, mi\u0119dzynarodowe kolegium Seraphicum i Papieski Wydzia\u0142 Teologiczny \u015aw. Bonawentury, rozpocz\u0119\u0142o si\u0119 4 listopada wsp\u00f3ln\u0105 modlitw\u0105 nieszpor\u00f3w.<br \/>\n5 listopada by\u0142 dniem studyjnym. W auli Sykstusa V podj\u0119to rozwa\u017cania na temat: <em>\u201eChod\u017acie, pom\u00f3\u017ccie mi przy ko\u015bciele \u015bw. Damiana! On stanie si\u0119 klasztorem Pa\u0144\u201d (3T 7, 24). Proroctwo i marzenie&#8230; Franciszka?<\/em> Aby przeanalizowa\u0107 \u015bcis\u0142y zwi\u0105zek mi\u0119dzy Regu\u0142ami Pierwszego i Drugiego Zakonu, fr. Raffaele DI MURO m\u00f3wi\u0142 o duchowo\u015bci franciszka\u0144skiej, fr. Massimo VEDOVA bada\u0142 znaczenie s\u0142\u00f3w \u201eEwangelia, praca i s\u0142u\u017cba\u201d w obu Regu\u0142ach, s. Damiana ARDESI przybli\u017cy\u0142a wag\u0119 relacji \u201eobecno\u015b\u0107-nieobecno\u015b\u0107\u201d, kt\u00f3ra pomog\u0142a Klarze i Franciszkowi lepiej zrozumie\u0107 ich w\u0142asn\u0105 to\u017csamo\u015b\u0107 i powo\u0142anie. Po po\u0142udniu bracia i siostry, podzieleni na grupy, wymieniali si\u0119 swoimi do\u015bwiadczeniami z r\u00f3\u017cnych dziedzin \u017cycia: duchowo\u015bci, pracy, wsp\u00f3lnoty. Po kolacji spotkanie kontynuowano w ramach wsp\u00f3lnej rekreacji.<br \/>\n6 listopada wyk\u0142ad biblijny, zatytu\u0142owany <em>\u201eM\u0119\u017cczyzn\u0105 i niewiast\u0105 stworzy\u0142 ich\u201d (Rdz 1, 26-27). A dopiero kilka wiek\u00f3w p\u00f3\u017aniej pojawi\u0142 si\u0119 Zakon minoryt\u00f3w i klarysek<\/em>, wyg\u0142osi\u0142 fr. Tomasz SZYMCZAK. Podj\u0119ty temat dostarczy\u0142 ciekawych spostrze\u017ce\u0144 do dalszej pracy w grupach: wy\u0142oni\u0142a si\u0119 w nich istotna komplementarno\u015b\u0107, kt\u00f3ra od zawsze \u0142\u0105czy oba Zakony i kt\u00f3ra w\u0142a\u015bnie w obecnym czasie kryzysu powo\u0142a\u0144, i nie tylko, mo\u017ce by\u0107 u\u017cytecznym bod\u017acem do po\u0142\u0105czenia si\u0142 i bycia \u017cywymi \u015bwiadkami w \u015bwiecie. Po po\u0142udniu minister generalny fr. Carlos TROVARELLI przedstawi\u0142 wszystkim uczestnikom g\u0142\u0119bok\u0105 syntez\u0119, w kt\u00f3rej zaznaczy\u0142, \u017ce to nie antropologiczna komplementarno\u015b\u0107 m\u0119\u017cczyzny i kobiety \u2013 fakt naturalny i niemal oczywisty \u2013 jest podstawowym elementem relacji mi\u0119dzy dwoma Zakonami, ale raczej komplementarno\u015b\u0107 mistyczna. W tym wyra\u017ceniu minister generalny chcia\u0142 podkre\u015bli\u0107, jak wa\u017cne jest nie tyle wzajemne spojrzenie, ile raczej wsp\u00f3\u0142dzielenie si\u0119 dwoma rzeczywisto\u015bciami, kt\u00f3re wprawdzie patrz\u0105 na Chrystusa innymi oczami, ale \u0142\u0105czy je ten sam charyzmat franciszka\u0144sko-klaria\u0144ski. Po wyst\u0105pieniu siostry klaryski \u2013 w podzi\u0119kowaniu za spotkanie \u2013 wr\u0119czy\u0142y ministrowi generalnemu reprodukcj\u0119 artystycznego wizerunku Klary i Franciszka spogl\u0105daj\u0105cych ku Najwy\u017cszemu.<br \/>\nSpotkanie zako\u0144czy\u0142o si\u0119 w niedziel\u0119 7 listopada pielgrzymk\u0105 do ko\u015bcio\u0142a \u015bw. Franciszka \u201ea Ripa\u201d, miejsca, w kt\u00f3rym Franciszek z Asy\u017cu zatrzymywa\u0142 si\u0119 podczas swoich rzymskich pobyt\u00f3w, oraz do bazyliki \u015bw. Piotra, aby wzi\u0105\u0107 udzia\u0142 w modlitwie Anio\u0142 Pa\u0144ski odmawianej przez papie\u017ca Franciszka.<br \/>\nZ pozytywnego odzewu uczestnik\u00f3w kursu wy\u0142oni\u0142o si\u0119 pragnienie kontynuowania drogi wzajemnego ubogacania si\u0119 dw\u00f3ch Zakon\u00f3w, co jest przydatne dla wi\u0119kszego rozwoju dw\u00f3ch uzupe\u0142niaj\u0105cych si\u0119 filar\u00f3w tego samego charyzmatu.<\/p>\n<p style=\"text-align: right;\">Fr. Roberto LIGGERI<\/p>\nngg_shortcode_0_placeholder\n","protected":false},"excerpt":{"rendered":"<p>W dniach 4-7 listopada 2021 r. delegacja klarysek urbanistek z klasztor\u00f3w federacji \u015bw. Klary z Asy\u017cu, grupa wsp\u00f3\u0142braci zakonnych z prowincji w\u0142oskiej \u015bw. Antoniego z Padwy (W\u0142ochy P\u00f3\u0142nocne), studenci z postnowicjatu w Rivotorto i z kolegium Seraphicum spotkali si\u0119 w Seraphicum w Rzymie na kr\u00f3tkim kursie formacyjnym, maj\u0105cym na celu pog\u0142\u0119bienie Regu\u0142 za\u0142o\u017cycieli i charyzmatu [&hellip;]<\/p>\n","protected":false},"author":1,"featured_media":40231,"comment_status":"closed","ping_status":"open","sticky":false,"template":"","format":"standard","meta":{"ngg_post_thumbnail":0,"footnotes":""},"categories":[144,137,149],"tags":[609,335],"class_list":["post-40235","post","type-post","status-publish","format-standard","has-post-thumbnail","category-ufficio-comunicazioni-pl","category-rodzina-franciszkanska","category-wiadomosci","tag-formacja","tag-seraphicum-pl"],"_links":{"self":[{"href":"https:\/\/www.ofmconv.net\/pl\/wp-json\/wp\/v2\/posts\/40235","targetHints":{"allow":["GET"]}}],"collection":[{"href":"https:\/\/www.ofmconv.net\/pl\/wp-json\/wp\/v2\/posts"}],"about":[{"href":"https:\/\/www.ofmconv.net\/pl\/wp-json\/wp\/v2\/types\/post"}],"author":[{"embeddable":true,"href":"https:\/\/www.ofmconv.net\/pl\/wp-json\/wp\/v2\/users\/1"}],"replies":[{"embeddable":true,"href":"https:\/\/www.ofmconv.net\/pl\/wp-json\/wp\/v2\/comments?post=40235"}],"version-history":[{"count":0,"href":"https:\/\/www.ofmconv.net\/pl\/wp-json\/wp\/v2\/posts\/40235\/revisions"}],"wp:featuredmedia":[{"embeddable":true,"href":"https:\/\/www.ofmconv.net\/pl\/wp-json\/wp\/v2\/media\/40231"}],"wp:attachment":[{"href":"https:\/\/www.ofmconv.net\/pl\/wp-json\/wp\/v2\/media?parent=40235"}],"wp:term":[{"taxonomy":"category","embeddable":true,"href":"https:\/\/www.ofmconv.net\/pl\/wp-json\/wp\/v2\/categories?post=40235"},{"taxonomy":"post_tag","embeddable":true,"href":"https:\/\/www.ofmconv.net\/pl\/wp-json\/wp\/v2\/tags?post=40235"}],"curies":[{"name":"wp","href":"https:\/\/api.w.org\/{rel}","templated":true}]}}