{"id":40547,"date":"2021-11-22T18:53:34","date_gmt":"2021-11-22T17:53:34","guid":{"rendered":"https:\/\/ofmconv.net\/castrovillari-incontro-di-formazione-custodiale\/"},"modified":"2021-11-22T18:58:08","modified_gmt":"2021-11-22T17:58:08","slug":"castrovillari-incontro-di-formazione-custodiale","status":"publish","type":"post","link":"https:\/\/www.ofmconv.net\/pl\/castrovillari-incontro-di-formazione-custodiale\/","title":{"rendered":"Castrovillari: kustodialne spotkanie formacyjne"},"content":{"rendered":"<p><strong>W dniach 9-10 listopada 2021 r. kustodia prowincjalna \u015bwi\u0119tych Daniela i towarzyszy m\u0119czennik\u00f3w we W\u0142oszech (Kalabria) zorganizowa\u0142a w klasztorze \u015bw. Franciszka z Paoli w Castrovillari spotkanie formacyjne na temat: <em>Braterstwo dzisiaj \u2013 dlaczego i jakie? Kilka sugestii<\/em>.<\/strong><\/p>\n<p>Wsp\u00f3\u0142braci przyj\u0105\u0142 fr. Antonio Damiano CARUSO, gwardian i odpowiedzialny za formacj\u0119 ustawiczn\u0105 w kustodii, oraz bracia z klasztoru: fr. Vincenzo MANGONE, fr. Ionel ANTOCHI i fr. Krzysztof RYCHLICKI.<br \/>\nSpotkanie rozpocz\u0119\u0142o si\u0119 o godz. 18.30 nieszporami, po kt\u00f3rych g\u0142os zabra\u0142 fr. Giorgio TASSONE, kustosz prowincjalny. Jego refleksja dotyczy\u0142a \u017cycia braterskiego w tym szczeg\u00f3lnym czasie. Wezwa\u0142 do odbudowania tego, co zniszczy\u0142a pandemia: naszych wi\u0119zi uczuciowych, szacunku, przyja\u017ani, wsp\u00f3\u0142dzielenia si\u0119 i wzajemnego ubogacania. \u201eWyjd\u017amy z tej pustyni, bracia \u2013 zach\u0119ca\u0142 \u2013 i pozw\u00f3lmy, aby w naszych wsp\u00f3lnotach braterskich odrodzi\u0142o si\u0119 \u017cycie\u201d, \u201ezakochani w Ewangelii i otwarci na niespodzianki Ducha \u015awi\u0119tego\u201d, jak wskazuje nam papie\u017c Franciszek.<br \/>\nKustosz zwr\u00f3ci\u0142 r\u00f3wnie\u017c uwag\u0119 na niekt\u00f3re istotne fragmenty listu fr. Giovanni VOLTAN, asystenta generalnego FIMP (Federazione Intermediterranea Ministri Provinciali), zatytu\u0142owanego <em>Czy mo\u017cesz to zrobi\u0107 FIMP?<\/em> Prosi\u0142, by bracia wzi\u0119li sobie do serca to, co autor wyrazi\u0142 z tak wielkim sercem i mi\u0142o\u015bci\u0105, i zaczynali na nowo z g\u0142\u0119bsz\u0105, tw\u00f3rcz\u0105 i wsp\u00f3ln\u0105 \u015bwiadomo\u015bci\u0105. Asystent zach\u0119ci\u0142 nas m. in. do przyj\u0119cia apelu ministra generalnego, wystosowanego online 19 pa\u017adziernika z Wilna: \u201eBracia, musicie si\u0119 ruszy\u0107 i wnie\u015b\u0107 wiele charyzmatycznej i braterskiej jako\u015bci, je\u015bli sami nie chcecie przegapi\u0107 poci\u0105gu historii i nie pozwoli\u0107, by przegapi\u0142y go nast\u0119pne pokolenia\u201d.<br \/>\nW \u015brod\u0119 10 listopada spotkanie rozpocz\u0119\u0142o si\u0119 modlitw\u0105 brewiarzow\u0105 w ko\u015bciele \u015bw. Franciszka z Paoli, a po \u015bniadaniu uczestnicy wys\u0142uchali online prelekcji fr. Emanuele RIMOLI, pochodz\u0105cego z Castrovillari, wyk\u0142adowcy antropologii chrze\u015bcija\u0144skiej na Papieskim Wydziale Teologicznym \u015aw. Bonawentury (Seraphicum) w Rzymie. Przypomnia\u0142 on, \u017ce braterstwo jest sercem i tre\u015bci\u0105 Ewangelii, a zatem pod\u0142o\u017cem naszego powo\u0142ania. Chodzi o braterstwo umiej\u0105ce przyj\u0105\u0107 ka\u017cdego cz\u0142owieka jako brata i siostr\u0119, \u201eumiej\u0105ce spogl\u0105da\u0107 na \u015bwi\u0119t\u0105 wielko\u015b\u0107 bli\u017aniego, umiej\u0105ce odkry\u0107 Boga w ka\u017cdym cz\u0142owieku\u201d (<em>Evangelii gaudium<\/em>, 92). Jeste\u015bmy wezwani do rozwijania tych dar\u00f3w, kt\u00f3re Pan nam da\u0142, aby przez dar z siebie samych s\u0142u\u017cy\u0107 innym. M\u00f3wca przypomnia\u0142 wiele poj\u0119\u0107 drogich naszej duchowo\u015bci, kt\u00f3re czasami s\u0105 przyg\u0142uszane, wykluczane, zaprzeczane lub wr\u0119cz odrzucane przez nasz spos\u00f3b \u017cycia: relacja, komunia, przyj\u0119cie, spotkanie, dialog, pokora, przebaczenie, szacunek, solidarno\u015b\u0107&#8230; To one kszta\u0142tuj\u0105 i formuj\u0105 nasz\u0105 wsp\u00f3lnot\u0119 bratersk\u0105, a tak\u017ce decyduj\u0105 o przysz\u0142o\u015bci ludzko\u015bci, wobec kt\u00f3rej stajemy si\u0119 d\u0142u\u017cnikami. Formacja do braterstwa to wielki warsztat pracy, gdzie poddaje si\u0119 pod dyskusj\u0119 nasz status jako franciszkan\u00f3w i sam\u0105 misj\u0119 Ko\u015bcio\u0142a, z kt\u00f3rym jeste\u015bmy w relacji.<br \/>\nNa koniec kustosz podzi\u0119kowa\u0142 wszystkim, a zw\u0142aszcza fr. Emanuele RIMOLI za jego warto\u015bciowe wyst\u0105pienie. Spotkanie by\u0142o doskona\u0142\u0105 okazj\u0105, aby wyj\u015b\u0107 z w\u0142asnego solilokwium i zobaczy\u0107 przysz\u0142o\u015b\u0107 braterstwa w dzisiejszej rzeczywisto\u015bci.<\/p>\n<p style=\"text-align: right;\">Fr. Piotr ANZULEWICZ<\/p>\nngg_shortcode_0_placeholder\n","protected":false},"excerpt":{"rendered":"<p>W dniach 9-10 listopada 2021 r. kustodia prowincjalna \u015bwi\u0119tych Daniela i towarzyszy m\u0119czennik\u00f3w we W\u0142oszech (Kalabria) zorganizowa\u0142a w klasztorze \u015bw. Franciszka z Paoli w Castrovillari spotkanie formacyjne na temat: Braterstwo dzisiaj \u2013 dlaczego i jakie? Kilka sugestii. Wsp\u00f3\u0142braci przyj\u0105\u0142 fr. Antonio Damiano CARUSO, gwardian i odpowiedzialny za formacj\u0119 ustawiczn\u0105 w kustodii, oraz bracia z klasztoru: [&hellip;]<\/p>\n","protected":false},"author":1,"featured_media":40543,"comment_status":"closed","ping_status":"open","sticky":false,"template":"","format":"standard","meta":{"ngg_post_thumbnail":0,"footnotes":""},"categories":[131,118,149],"tags":[609,1823],"class_list":["post-40547","post","type-post","status-publish","format-standard","has-post-thumbnail","category-federacje","category-fimp-pl","category-wiadomosci","tag-formacja","tag-wlochy-kalabria"],"_links":{"self":[{"href":"https:\/\/www.ofmconv.net\/pl\/wp-json\/wp\/v2\/posts\/40547","targetHints":{"allow":["GET"]}}],"collection":[{"href":"https:\/\/www.ofmconv.net\/pl\/wp-json\/wp\/v2\/posts"}],"about":[{"href":"https:\/\/www.ofmconv.net\/pl\/wp-json\/wp\/v2\/types\/post"}],"author":[{"embeddable":true,"href":"https:\/\/www.ofmconv.net\/pl\/wp-json\/wp\/v2\/users\/1"}],"replies":[{"embeddable":true,"href":"https:\/\/www.ofmconv.net\/pl\/wp-json\/wp\/v2\/comments?post=40547"}],"version-history":[{"count":0,"href":"https:\/\/www.ofmconv.net\/pl\/wp-json\/wp\/v2\/posts\/40547\/revisions"}],"wp:featuredmedia":[{"embeddable":true,"href":"https:\/\/www.ofmconv.net\/pl\/wp-json\/wp\/v2\/media\/40543"}],"wp:attachment":[{"href":"https:\/\/www.ofmconv.net\/pl\/wp-json\/wp\/v2\/media?parent=40547"}],"wp:term":[{"taxonomy":"category","embeddable":true,"href":"https:\/\/www.ofmconv.net\/pl\/wp-json\/wp\/v2\/categories?post=40547"},{"taxonomy":"post_tag","embeddable":true,"href":"https:\/\/www.ofmconv.net\/pl\/wp-json\/wp\/v2\/tags?post=40547"}],"curies":[{"name":"wp","href":"https:\/\/api.w.org\/{rel}","templated":true}]}}