{"id":40760,"date":"2021-11-29T18:12:15","date_gmt":"2021-11-29T17:12:15","guid":{"rendered":"https:\/\/ofmconv.net\/erezione-della-custodia-di-san-francesco-antonio-fasani\/"},"modified":"2021-11-29T18:15:04","modified_gmt":"2021-11-29T17:15:04","slug":"erezione-della-custodia-di-san-francesco-antonio-fasani","status":"publish","type":"post","link":"https:\/\/www.ofmconv.net\/pl\/erezione-della-custodia-di-san-francesco-antonio-fasani\/","title":{"rendered":"Za\u0142o\u017cenie kustodii \u015bw. Franciszka Antoniego Fasani"},"content":{"rendered":"<p><strong>Dnia 27 listopada 2021 r. minister prowincjalny prowincji \u015bw. J\u00f3zefa z Kupertynu w USA fr. Victor ABEGG, wyda\u0142 oficjalny dekret eryguj\u0105cy kustodi\u0119 prowincjaln\u0105 \u015bw. Franciszka Antoniego Fasani w Wietnamie.<\/strong><\/p>\n<p>Dekret wejdzie w \u017cycie z dniem 1 stycznia 2022 r. Okoliczno\u015bciowa uroczysto\u015b\u0107 odby\u0142a si\u0119 w klasztorze \u015bw. J\u00f3zefa z Kupertynu w Castro Valley w Kalifornii. Obecny by\u0142 delegat z Wietnamu fr. Luke V\u0168. Do nowej kustodii nale\u017c\u0105 4 klasztory, 28 wsp\u00f3\u0142braci po \u015blubach wieczystych i 18 po \u015blubach czasowych. Pierwsza kapitu\u0142a kustodialna planowana jest na koniec lutego 2022 r.<\/p>\n<p style=\"text-align: right;\">Fr. Jude WINKLER<\/p>\nngg_shortcode_0_placeholder\n","protected":false},"excerpt":{"rendered":"<p>Dnia 27 listopada 2021 r. minister prowincjalny prowincji \u015bw. J\u00f3zefa z Kupertynu w USA fr. Victor ABEGG, wyda\u0142 oficjalny dekret eryguj\u0105cy kustodi\u0119 prowincjaln\u0105 \u015bw. Franciszka Antoniego Fasani w Wietnamie. Dekret wejdzie w \u017cycie z dniem 1 stycznia 2022 r. Okoliczno\u015bciowa uroczysto\u015b\u0107 odby\u0142a si\u0119 w klasztorze \u015bw. J\u00f3zefa z Kupertynu w Castro Valley w Kalifornii. Obecny [&hellip;]<\/p>\n","protected":false},"author":1,"featured_media":40756,"comment_status":"closed","ping_status":"open","sticky":false,"template":"","format":"standard","meta":{"ngg_post_thumbnail":0,"footnotes":""},"categories":[104,131,149],"tags":[961,1578],"class_list":["post-40760","post","type-post","status-publish","format-standard","has-post-thumbnail","category-cff-pl","category-federacje","category-wiadomosci","tag-usa-sjc-pl","tag-wietnam"],"_links":{"self":[{"href":"https:\/\/www.ofmconv.net\/pl\/wp-json\/wp\/v2\/posts\/40760","targetHints":{"allow":["GET"]}}],"collection":[{"href":"https:\/\/www.ofmconv.net\/pl\/wp-json\/wp\/v2\/posts"}],"about":[{"href":"https:\/\/www.ofmconv.net\/pl\/wp-json\/wp\/v2\/types\/post"}],"author":[{"embeddable":true,"href":"https:\/\/www.ofmconv.net\/pl\/wp-json\/wp\/v2\/users\/1"}],"replies":[{"embeddable":true,"href":"https:\/\/www.ofmconv.net\/pl\/wp-json\/wp\/v2\/comments?post=40760"}],"version-history":[{"count":0,"href":"https:\/\/www.ofmconv.net\/pl\/wp-json\/wp\/v2\/posts\/40760\/revisions"}],"wp:featuredmedia":[{"embeddable":true,"href":"https:\/\/www.ofmconv.net\/pl\/wp-json\/wp\/v2\/media\/40756"}],"wp:attachment":[{"href":"https:\/\/www.ofmconv.net\/pl\/wp-json\/wp\/v2\/media?parent=40760"}],"wp:term":[{"taxonomy":"category","embeddable":true,"href":"https:\/\/www.ofmconv.net\/pl\/wp-json\/wp\/v2\/categories?post=40760"},{"taxonomy":"post_tag","embeddable":true,"href":"https:\/\/www.ofmconv.net\/pl\/wp-json\/wp\/v2\/tags?post=40760"}],"curies":[{"name":"wp","href":"https:\/\/api.w.org\/{rel}","templated":true}]}}