{"id":44723,"date":"2022-05-06T11:29:40","date_gmt":"2022-05-06T09:29:40","guid":{"rendered":"https:\/\/ofmconv.net\/spagna-capitolo-provinciale-straordinario\/"},"modified":"2022-05-06T11:32:00","modified_gmt":"2022-05-06T09:32:00","slug":"spagna-capitolo-provinciale-straordinario","status":"publish","type":"post","link":"https:\/\/www.ofmconv.net\/pl\/spagna-capitolo-provinciale-straordinario\/","title":{"rendered":"Hiszpania: kapitu\u0142a prowincjalna nadzwyczajna"},"content":{"rendered":"<p><strong>W dniach 21-22 kwietnia 2022 r. prowincja Naszej Pani z Montserrat w Hiszpanii odby\u0142a kapitu\u0142\u0119 prowincjaln\u0105 nadzwyczajn\u0105 w celu zatwierdzenia nowych Statut\u00f3w prowincjalnych, dostosowanych do nowych norm niedawno zatwierdzonych Konstytucji i Statut\u00f3w generalnych.<\/strong><\/p>\n<p>Kapitu\u0142a odby\u0142a si\u0119 w klasztorze-kolegium \u015bw. Bonawentury w Madrycie pod przewodnictwem ministra prowincjalnego fr. Juan Antonio AD\u00c1NEZ SILV\u00c1N i z udzia\u0142em prokuratora generalnego fr. Maurizio DI PAOLO. W obradach wzi\u0119\u0142o udzia\u0142 21 braci kapitulnych.<br \/>\nPo zako\u0144czeniu kapitu\u0142y, 23 kwietnia, \u015bwi\u0119towano \u201edzie\u0144 prowincji\u201d, kt\u00f3ry corocznie obchodzi si\u0119 w sobot\u0119 przed 27 kwietnia, gdy przypada \u015bwi\u0119to Patronki prowincji \u2013 Naszej Pani z Montserrat. Wsp\u00f3lna Eucharystia i posi\u0142ek stanowi\u0142y uroczyst\u0105 opraw\u0119 obchod\u00f3w, podczas kt\u00f3rych fr. Jos\u00e9 GONZ\u00c1LEZ S\u00c1NCHEZ, gwardian klasztoru w Palencia, \u015bwi\u0119towa\u0142 25-lecie profesji wieczystej. W uroczysto\u015bci uczestniczyli liczni wierni \u015bwieccy zwi\u0105zani z obydwoma klasztorami madryckimi, kt\u00f3rzy po zako\u0144czeniu Mszy \u015bw. zostali podj\u0119ci pocz\u0119stunkiem. Krewni jubilata spo\u017cyli obiad ze wszystkimi obecnymi bra\u0107mi.<\/p>\n<p style=\"text-align: right;\">Fr. Joaqu\u00edn AGESTA CUEVAS<\/p>\nngg_shortcode_0_placeholder\n","protected":false},"excerpt":{"rendered":"<p>W dniach 21-22 kwietnia 2022 r. prowincja Naszej Pani z Montserrat w Hiszpanii odby\u0142a kapitu\u0142\u0119 prowincjaln\u0105 nadzwyczajn\u0105 w celu zatwierdzenia nowych Statut\u00f3w prowincjalnych, dostosowanych do nowych norm niedawno zatwierdzonych Konstytucji i Statut\u00f3w generalnych. Kapitu\u0142a odby\u0142a si\u0119 w klasztorze-kolegium \u015bw. Bonawentury w Madrycie pod przewodnictwem ministra prowincjalnego fr. Juan Antonio AD\u00c1NEZ SILV\u00c1N i z udzia\u0142em prokuratora [&hellip;]<\/p>\n","protected":false},"author":1,"featured_media":44719,"comment_status":"closed","ping_status":"open","sticky":false,"template":"","format":"standard","meta":{"ngg_post_thumbnail":0,"footnotes":""},"categories":[131,118,149],"tags":[897,193],"class_list":["post-44723","post","type-post","status-publish","format-standard","has-post-thumbnail","category-federacje","category-fimp-pl","category-wiadomosci","tag-hiszpania","tag-kapitula"],"_links":{"self":[{"href":"https:\/\/www.ofmconv.net\/pl\/wp-json\/wp\/v2\/posts\/44723","targetHints":{"allow":["GET"]}}],"collection":[{"href":"https:\/\/www.ofmconv.net\/pl\/wp-json\/wp\/v2\/posts"}],"about":[{"href":"https:\/\/www.ofmconv.net\/pl\/wp-json\/wp\/v2\/types\/post"}],"author":[{"embeddable":true,"href":"https:\/\/www.ofmconv.net\/pl\/wp-json\/wp\/v2\/users\/1"}],"replies":[{"embeddable":true,"href":"https:\/\/www.ofmconv.net\/pl\/wp-json\/wp\/v2\/comments?post=44723"}],"version-history":[{"count":0,"href":"https:\/\/www.ofmconv.net\/pl\/wp-json\/wp\/v2\/posts\/44723\/revisions"}],"wp:featuredmedia":[{"embeddable":true,"href":"https:\/\/www.ofmconv.net\/pl\/wp-json\/wp\/v2\/media\/44719"}],"wp:attachment":[{"href":"https:\/\/www.ofmconv.net\/pl\/wp-json\/wp\/v2\/media?parent=44723"}],"wp:term":[{"taxonomy":"category","embeddable":true,"href":"https:\/\/www.ofmconv.net\/pl\/wp-json\/wp\/v2\/categories?post=44723"},{"taxonomy":"post_tag","embeddable":true,"href":"https:\/\/www.ofmconv.net\/pl\/wp-json\/wp\/v2\/tags?post=44723"}],"curies":[{"name":"wp","href":"https:\/\/api.w.org\/{rel}","templated":true}]}}