{"id":44770,"date":"2022-05-07T14:38:33","date_gmt":"2022-05-07T12:38:33","guid":{"rendered":"https:\/\/ofmconv.net\/il-convento-delle-ultime-cene\/"},"modified":"2022-05-07T14:43:09","modified_gmt":"2022-05-07T12:43:09","slug":"il-convento-delle-ultime-cene","status":"publish","type":"post","link":"https:\/\/www.ofmconv.net\/pl\/il-convento-delle-ultime-cene\/","title":{"rendered":"Klasztor \u201eostatnich wieczerzy\u201d"},"content":{"rendered":"<p><strong>\u201eNazywa go \u00abklasztorem ostatnich wieczerzy\u00bb. Tak, w liczbie mnogiej. A kiedy fr. Mykola ORACH m\u00f3wi o tym, ton jego g\u0142osu staje si\u0119 ponury. Nie jeste\u015bmy w Ziemi \u015awi\u0119tej, ale w centrum Lwowa, na Ukrainie. \u00abW naszych murach klasztornych byli\u015bmy i nadal jeste\u015bmy \u015bwiadkami ostatnich wieczerzy tak wielu ludzi\u00bb\u201d \u2013 opowiada brat mniejszy konwentualny w artykule opublikowanym 6 maja 2022 r. w <em>Avvenire<\/em>, w\u0142oskiej gazecie o inspiracji katolickiej.<\/strong><\/p>\n<p>\u201eCi, kt\u00f3rzy uciekaj\u0105 przed wojn\u0105, zatrzymuj\u0105 si\u0119 u nas \u2013 kontynuuje fr. Mykola. \u2013 Otworzyli\u015bmy nasz dom obok ko\u015bcio\u0142a \u015bw. Antoniego. Przychodz\u0105 ca\u0142e rodziny: m\u0105\u017c, \u017cona i dzieci. M\u0105\u017c nie mo\u017ce jednak opu\u015bci\u0107 kraju, zgodnie z zarz\u0105dzeniem rz\u0105du. Zawozi wi\u0119c pozosta\u0142\u0105 rodzin\u0119 na przej\u015bcie graniczne z Polsk\u0105, by\u0107 mo\u017ce samochodem. A w naszym klasztorze jest przystanek przed po\u017cegnaniem si\u0119 na granicy. Nocuj\u0105 u nas. I spo\u017cywaj\u0105 ostatni\u0105 wieczerz\u0119 przed rozstaniem si\u0119. Patrz\u0105 sobie w oczy. Obejmuj\u0105 si\u0119 za r\u0119ce. W ich szeptach i spojrzeniach kryje si\u0119 b\u00f3l ca\u0142ego zaatakowanego narodu. Niedopuszczalne jest, by tak si\u0119 dzia\u0142o\u201d.<br \/>\nOd pocz\u0105tku wojny zakonnicy franciszka\u0144scy z kustodii Krzy\u017ca \u015awi\u0119tego na Ukrainie (rozmieszczeni na ca\u0142ym terytorium w pi\u0119ciu klasztorach) stworzyli aktywn\u0105 i skuteczn\u0105 sie\u0107 solidarno\u015bci, pozostaj\u0105c w sta\u0142ej \u0142\u0105czno\u015bci z Asy\u017cem, aby pomaga\u0107 i by\u0107 blisko tych, kt\u00f3rzy zdecydowali si\u0119 pozosta\u0107 w kraju.<br \/>\n\u201e\u015awiat uwa\u017ca, \u017ce wojna na Ukrainie rozpocz\u0119\u0142a si\u0119 w lutym 2022 r., ale dla nas trwa ona od 2014 r. \u2013 wyja\u015bnia franciszkanin. \u2013 I od tego czasu przywozimy tu artyku\u0142y pierwszej potrzeby, kt\u00f3re s\u0105 rozdzielane tak\u017ce w tak zwanej \u00abszarej strefie\u00bb, na styku Ukrainy, Rosji i Bia\u0142orusi\u201d.<br \/>\nArtyku\u0142 stwierdza, \u017ce klasztor we Lwowie \u201ewydaje si\u0119 by\u0107 ma\u0142ym Asy\u017cem. Jest punktem odniesienia. Sta\u0142 si\u0119 r\u00f3wnie\u017c o\u015brodkiem typowo franciszka\u0144skim, zdolnym do promieniowania pomoc\u0105 na ca\u0142e terytorium\u201d. Bracia otrzymuj\u0105 produkty \u017cywno\u015bciowe, lekarstwa, odzie\u017c i rozdaj\u0105 je potrzebuj\u0105cym, \u201ew tym ukrai\u0144skim \u017co\u0142nierzom pukaj\u0105cym do drzwi franciszka\u0144skiego domu\u201d.<br \/>\n\u201eWojna nie sko\u0144czy si\u0119 szybko \u2013 konkluduje fr. Mykola. \u2013 Przez kilka miesi\u0119cy mo\u017cemy wykorzystywa\u0107 nasze wewn\u0119trzne zapasy. P\u00f3\u017aniej potrzeby b\u0119d\u0105 ros\u0142y. Mamy te\u017c dalsze obawy. Jakie? \u017be Zach\u00f3d, po intensywnej mobilizacji w tych tygodniach, nie b\u0119dzie ju\u017c tak blisko naszego narodu. Dlatego m\u00f3wi\u0119: nie zapominajcie o nas. Dzi\u015b trzeba uratowa\u0107 ca\u0142y kraj, a jutro go odbudowa\u0107\u201d.<\/p>\n<p>Zach\u0119camy wszystkich do dalszego wspierania naszych wsp\u00f3\u0142braci na Ukrainie. Wi\u0119cej informacji i sposoby wsparcia projekt\u00f3w realizowanych przez braci w tym kraju mo\u017cna znale\u017a\u0107 na stronie www.sanfrancesco.org. Wp\u0142at mo\u017cna r\u00f3wnie\u017c dokonywa\u0107 przelewem na konto bankowe:<\/p>\n<p>\u201eFrancesco d\u2019Assisi, un uomo un fratello\u201d<br \/>\nIban: IT64R0200838278000103746115<br \/>\nBic-Swift: UNCRITM1J12.<\/p>\n<p style=\"text-align: right;\">Za: w\u0142oski dziennik <em>Avvenire<\/em><\/p>\n<p style=\"text-align: right;\"><a href=\"https:\/\/www.avvenire.it\/mondo\/pagine\/frati-di-leopoli-cosi-aiutiamo-le-famiglie-ucraina\">https:\/\/www.avvenire.it\/mondo\/pagine\/frati-di-leopoli-cosi-aiutiamo-le-famiglie-ucraina<\/a><br \/>\nGiacomo GAMBASSI<\/p>\n","protected":false},"excerpt":{"rendered":"<p>\u201eNazywa go \u00abklasztorem ostatnich wieczerzy\u00bb. Tak, w liczbie mnogiej. A kiedy fr. Mykola ORACH m\u00f3wi o tym, ton jego g\u0142osu staje si\u0119 ponury. Nie jeste\u015bmy w Ziemi \u015awi\u0119tej, ale w centrum Lwowa, na Ukrainie. \u00abW naszych murach klasztornych byli\u015bmy i nadal jeste\u015bmy \u015bwiadkami ostatnich wieczerzy tak wielu ludzi\u00bb\u201d \u2013 opowiada brat mniejszy konwentualny w artykule [&hellip;]<\/p>\n","protected":false},"author":1,"featured_media":44766,"comment_status":"closed","ping_status":"open","sticky":false,"template":"","format":"standard","meta":{"ngg_post_thumbnail":0,"footnotes":""},"categories":[144,149],"tags":[1032],"class_list":["post-44770","post","type-post","status-publish","format-standard","has-post-thumbnail","category-ufficio-comunicazioni-pl","category-wiadomosci","tag-ukraina"],"_links":{"self":[{"href":"https:\/\/www.ofmconv.net\/pl\/wp-json\/wp\/v2\/posts\/44770","targetHints":{"allow":["GET"]}}],"collection":[{"href":"https:\/\/www.ofmconv.net\/pl\/wp-json\/wp\/v2\/posts"}],"about":[{"href":"https:\/\/www.ofmconv.net\/pl\/wp-json\/wp\/v2\/types\/post"}],"author":[{"embeddable":true,"href":"https:\/\/www.ofmconv.net\/pl\/wp-json\/wp\/v2\/users\/1"}],"replies":[{"embeddable":true,"href":"https:\/\/www.ofmconv.net\/pl\/wp-json\/wp\/v2\/comments?post=44770"}],"version-history":[{"count":0,"href":"https:\/\/www.ofmconv.net\/pl\/wp-json\/wp\/v2\/posts\/44770\/revisions"}],"wp:featuredmedia":[{"embeddable":true,"href":"https:\/\/www.ofmconv.net\/pl\/wp-json\/wp\/v2\/media\/44766"}],"wp:attachment":[{"href":"https:\/\/www.ofmconv.net\/pl\/wp-json\/wp\/v2\/media?parent=44770"}],"wp:term":[{"taxonomy":"category","embeddable":true,"href":"https:\/\/www.ofmconv.net\/pl\/wp-json\/wp\/v2\/categories?post=44770"},{"taxonomy":"post_tag","embeddable":true,"href":"https:\/\/www.ofmconv.net\/pl\/wp-json\/wp\/v2\/tags?post=44770"}],"curies":[{"name":"wp","href":"https:\/\/api.w.org\/{rel}","templated":true}]}}