{"id":45189,"date":"2022-05-24T12:51:32","date_gmt":"2022-05-24T10:51:32","guid":{"rendered":"https:\/\/ofmconv.net\/argentina-uruguay-assemblea-provinciale\/"},"modified":"2022-05-24T12:53:58","modified_gmt":"2022-05-24T10:53:58","slug":"argentina-uruguay-assemblea-provinciale","status":"publish","type":"post","link":"https:\/\/www.ofmconv.net\/pl\/argentina-uruguay-assemblea-provinciale\/","title":{"rendered":"Argentyna-Urugwaj: zgromadzenie prowincjalne"},"content":{"rendered":"<p><strong>Po raz pierwszy od dw\u00f3ch i p\u00f3\u0142 roku bracia z prowincji \u201eRioplatense\u201d \u015bw. Antoniego z Padwy w Argentynie i Urugwaju spotkali si\u0119 na czterodniowym zgromadzeniu prowincjalnym (16-19 maja 2022 r.) w kolegium \u201eSan Jos\u00e9\u201d w San Miguel (Buenos Aires).<\/strong><\/p>\n<p>Poszczeg\u00f3lne momenty spotkania, jak liturgiczny, formacyjny, rozeznaj\u0105cy i programowy, by\u0142y prze\u017cywane w kontek\u015bcie restrukturyzacji prowincji. W tym celu odby\u0142a si\u0119 sesja kapitu\u0142y prowincjalnej nadzwyczajnej, na kt\u00f3rej postanowiono znie\u015b\u0107 argenty\u0144ski klasztor \u201eNuestra Se\u00f1ora de Luj\u00e1n\u201d w El Bols\u00f3n (R\u00edo Negro), a definitorium zosta\u0142o upowa\u017cnione do rozpocz\u0119cia procesu zamkni\u0119cia tego klasztoru, jak r\u00f3wnie\u017c, w porozumieniu z gwardianami, innych klasztor\u00f3w.<br \/>\nZgromadzeniu przewodniczy\u0142 minister prowincjalny fr. Javier A. FONTANA. Obecno\u015b\u0107 asystenta generalnego FALC (Federaci\u00f3n Am\u00e9rica Latina Conventuales) fr. Rog\u00e9rio PEREIRA XAVIER by\u0142a bardzo pomocna w podj\u0119ciu rozeznania wsp\u00f3lnotowego.<\/p>\n<p style=\"text-align: right;\">Fr. Mart\u00edn P. BITZER, sekretarz prowincji<\/p>\n","protected":false},"excerpt":{"rendered":"<p>Po raz pierwszy od dw\u00f3ch i p\u00f3\u0142 roku bracia z prowincji \u201eRioplatense\u201d \u015bw. Antoniego z Padwy w Argentynie i Urugwaju spotkali si\u0119 na czterodniowym zgromadzeniu prowincjalnym (16-19 maja 2022 r.) w kolegium \u201eSan Jos\u00e9\u201d w San Miguel (Buenos Aires). Poszczeg\u00f3lne momenty spotkania, jak liturgiczny, formacyjny, rozeznaj\u0105cy i programowy, by\u0142y prze\u017cywane w kontek\u015bcie restrukturyzacji prowincji. W [&hellip;]<\/p>\n","protected":false},"author":1,"featured_media":45185,"comment_status":"closed","ping_status":"open","sticky":false,"template":"","format":"standard","meta":{"ngg_post_thumbnail":0,"footnotes":""},"categories":[108,131,149],"tags":[1055,1609],"class_list":["post-45189","post","type-post","status-publish","format-standard","has-post-thumbnail","category-falc-pl","category-federacje","category-wiadomosci","tag-argentyna-urugwaj","tag-zgromadzenie"],"_links":{"self":[{"href":"https:\/\/www.ofmconv.net\/pl\/wp-json\/wp\/v2\/posts\/45189","targetHints":{"allow":["GET"]}}],"collection":[{"href":"https:\/\/www.ofmconv.net\/pl\/wp-json\/wp\/v2\/posts"}],"about":[{"href":"https:\/\/www.ofmconv.net\/pl\/wp-json\/wp\/v2\/types\/post"}],"author":[{"embeddable":true,"href":"https:\/\/www.ofmconv.net\/pl\/wp-json\/wp\/v2\/users\/1"}],"replies":[{"embeddable":true,"href":"https:\/\/www.ofmconv.net\/pl\/wp-json\/wp\/v2\/comments?post=45189"}],"version-history":[{"count":0,"href":"https:\/\/www.ofmconv.net\/pl\/wp-json\/wp\/v2\/posts\/45189\/revisions"}],"wp:featuredmedia":[{"embeddable":true,"href":"https:\/\/www.ofmconv.net\/pl\/wp-json\/wp\/v2\/media\/45185"}],"wp:attachment":[{"href":"https:\/\/www.ofmconv.net\/pl\/wp-json\/wp\/v2\/media?parent=45189"}],"wp:term":[{"taxonomy":"category","embeddable":true,"href":"https:\/\/www.ofmconv.net\/pl\/wp-json\/wp\/v2\/categories?post=45189"},{"taxonomy":"post_tag","embeddable":true,"href":"https:\/\/www.ofmconv.net\/pl\/wp-json\/wp\/v2\/tags?post=45189"}],"curies":[{"name":"wp","href":"https:\/\/api.w.org\/{rel}","templated":true}]}}