{"id":46876,"date":"2022-07-09T15:30:39","date_gmt":"2022-07-09T13:30:39","guid":{"rendered":"https:\/\/ofmconv.net\/fra-casimiro-cypher-una-vita-ordinaria-resa-straordinaria\/"},"modified":"2022-07-09T15:33:31","modified_gmt":"2022-07-09T13:33:31","slug":"fra-casimiro-cypher-una-vita-ordinaria-resa-straordinaria","status":"publish","type":"post","link":"https:\/\/www.ofmconv.net\/pl\/fra-casimiro-cypher-una-vita-ordinaria-resa-straordinaria\/","title":{"rendered":"Fr. Casimiro CYPHER: zwyczajne \u017cycie uczynione nadzwyczajnym"},"content":{"rendered":"<p><strong>Czy zastanawiali\u015bcie si\u0119 kiedy\u015b, jak zwyczajne rzeczy w waszym \u017cyciu uczyni\u0107 nadzwyczajnymi? Tego w\u0142a\u015bnie dokona\u0142 fr. Casimiro CYPHER, kt\u00f3ry zosta\u0142 zamordowany 25 czerwca 1975 r. w Olancho (Honduras) wraz z 13 innymi osobami. Zakonnicy z kustodii prowincjalnej Maryi Matki Mi\u0142osierdzia w Ameryce \u015arodkowej i diecezja Juticalpa w Olancho uczcili pami\u0119\u0107 naszego wsp\u00f3\u0142brata, przypominaj\u0105c jego \u017cycie misj\u0119 i \u015bwiadectwo. Obchody rocznicowe zorganizowano w dniach od 16 do 26 czerwca 2022 r.<\/strong><\/p>\n<p>Wicepostulator sprawy beatyfikacyjnej fr. Juan Alonzo PAGOADA ACOSTA oraz ordynariusz diecezji Juticalpa bp Joseph BONELLO podejmuj\u0105 przygotowania do rozpocz\u0119cia wst\u0119pnego etapu procesu diecezjalnego fr. CYPHER, kt\u00f3rego s\u0142awa jako m\u0119czennika szerzy si\u0119 coraz bardziej w\u015br\u00f3d wiernych diecezji.<br \/>\nW dniach poprzedzaj\u0105cych rocznic\u0119 \u015bmierci wicepostulator odwiedzi\u0142 wsp\u00f3lnoty, gdzie \u017cy\u0142 i pos\u0142ugiwa\u0142 fr. CYPHER, wys\u0142uchuj\u0105c relacji ludzi, kt\u00f3rzy go znali, dzielili z nim \u017cycie i widzieli, jak czyni\u0142 nadzwyczajnym to, co zwyczajne.<br \/>\nW celu dalszego promowania \u017cycia, pos\u0142annictwa i \u015bwiadectwa fr. Casimiro podj\u0119to w ramach wst\u0119pnej fazy procesu diecezjalnego dzia\u0142ania obejmuj\u0105ce: spotkania z parafialnymi grupami apostolskimi i rozmowy prywatne; konferencje za po\u015brednictwem medi\u00f3w wirtualnych, radia i telewizji; poznanie \u015bwiadk\u00f3w i przeprowadzenie wywiad\u00f3w z nimi; wizyty w miejscach, gdzie bracia prowadz\u0105 misje; uroczysto\u015bci z parafianami parafii \u015bw. Hieronima w Gualaco, gdzie spoczywaj\u0105 szcz\u0105tki zamordowanego kap\u0142ana.<br \/>\nFr. CYPHER przyby\u0142 do diecezji Juticalpa na pocz\u0105tku 1973 r. i sp\u0119dzi\u0142 tam swoje \u017cycie s\u0142u\u017c\u0105c najbiedniejszym z biednych w parafiach w Gualaco i San Esteban. Przemierza\u0142 pieszo lub konno g\u00f3rskie drogi, s\u0142u\u017c\u0105c ludowi Bo\u017cemu. Jako dobry franciszkanin cieszy\u0142 si\u0119 \u015brodowiskiem naturalnym, uczestnicz\u0105c w zwyczajnym \u017cyciu wsp\u00f3lnot i czyni\u0105c swoje \u017cycie nadzwyczajnym. Dzi\u015b, 47 lat po \u015bmierci i oddaniu \u017cycia Ko\u015bcio\u0142owi cierpi\u0105cemu prze\u015bladowania z powodu nienawi\u015bci do wiary i zaanga\u017cowania apostolskiego, wsp\u00f3lnoty pami\u0119taj\u0105 o nim i uobecniaj\u0105 w swoim \u017cyciu cnoty, kt\u00f3re dostrzegali w nim i kt\u00f3re potem uczyni\u0142y jego \u017cycie niezwyk\u0142ym.<br \/>\nPodczas wizyt w lokalnych wsp\u00f3lnotach, obcuj\u0105c z lud\u017ami i s\u0142uchaj\u0105c opowie\u015bci o zwyczajnym \u017cyciu naszego wsp\u00f3\u0142brata, mo\u017cna by\u0142o pozna\u0107 prostot\u0119, rado\u015b\u0107, skromno\u015b\u0107 i blisko\u015b\u0107 misjonarza franciszka\u0144skiego, jakim by\u0142 fr. Casimiro. Te cnoty i oddanie \u017cycia 25 czerwca 1975 r. sprawi\u0142y, \u017ce ludzie zachowali w swoich sercach cenne opowie\u015bci i niezapomniane wspomnienia o naszym wsp\u00f3\u0142bracie. Wsp\u00f3lnota chrze\u015bcija\u0144ska prze\u017cywa je wci\u0105\u017c na nowo i rokrocznie organizuje uroczysto\u015bci, propaguj\u0105c w ten spos\u00f3b przyk\u0142ad jego \u017cycia, pos\u0142annictwa i m\u0119cze\u0144stwa w Ko\u015bciele pielgrzymuj\u0105cym w Olancho.<br \/>\nObfitym owocem w diecezji Juticalpa i we wsp\u00f3lnocie parafialnej w Gualaco by\u0142y \u015bwi\u0119cenia dw\u00f3ch nowych kap\u0142an\u00f3w diecezjalnych, a tak\u017ce zaanga\u017cowanie cz\u0142onk\u00f3w Ko\u015bcio\u0142a lokalnego w promowanie wst\u0119pnej fazy procesu fr. CYPHER w katechezie parafialnej, w\u015br\u00f3d dzieci, m\u0142odzie\u017cy i w parafialnych grupach apostolskich. Ponadto nadal trwa poszukiwanie \u015bwiadk\u00f3w, gromadzone s\u0105 \u015bwiadectwa o otrzymanych \u0142askach, zbierane s\u0105 niezb\u0119dne informacje, kt\u00f3re nast\u0119pnie zostan\u0105 przedstawione biskupowi jako dow\u00f3d m\u0119cze\u0144stwa franciszkanina, a to wszystko czynione jest dla dobra Ko\u015bcio\u0142a w diecezji Juticalpa.<br \/>\nG\u0142\u0119bokie podzi\u0119kowania nale\u017c\u0105 si\u0119 wszystkim wiernym wspieraj\u0105cym rozpocz\u0119cie procesu beatyfikacyjnego i dziel\u0105cym si\u0119 darami otrzymanymi od Boga, a tak\u017ce rodzinom, kt\u00f3re w pokorze i prostocie swoich dom\u00f3w przyj\u0119\u0142y zakonnik\u00f3w.<br \/>\nBracia z kustodii i z prowincji NMP Pocieszycielki Strapionych w USA z wielk\u0105 trosk\u0105 i odpowiedzialno\u015bci\u0105 przygotowuj\u0105 si\u0119 do wst\u0119pnego procesu diecezjalnego swojego wsp\u00f3\u0142brata, a zarazem prosz\u0105, by z \u0142ask\u0105 i pomoc\u0105 Bo\u017c\u0105 zosta\u0142 on ukazany i uznany przez Ko\u015bci\u00f3\u0142 jako wz\u00f3r na\u015bladowania Jezusa za przyk\u0142adem \u015bw. Franciszka i innych \u015bwi\u0119tych franciszka\u0144skich.<\/p>\n<p style=\"text-align: right;\">Fr. Juan Alonzo PAGOADA ACOSTA, wicepostulator<\/p>\nngg_shortcode_0_placeholder\n","protected":false},"excerpt":{"rendered":"<p>Czy zastanawiali\u015bcie si\u0119 kiedy\u015b, jak zwyczajne rzeczy w waszym \u017cyciu uczyni\u0107 nadzwyczajnymi? Tego w\u0142a\u015bnie dokona\u0142 fr. Casimiro CYPHER, kt\u00f3ry zosta\u0142 zamordowany 25 czerwca 1975 r. w Olancho (Honduras) wraz z 13 innymi osobami. Zakonnicy z kustodii prowincjalnej Maryi Matki Mi\u0142osierdzia w Ameryce \u015arodkowej i diecezja Juticalpa w Olancho uczcili pami\u0119\u0107 naszego wsp\u00f3\u0142brata, przypominaj\u0105c jego \u017cycie [&hellip;]<\/p>\n","protected":false},"author":1,"featured_media":46872,"comment_status":"closed","ping_status":"open","sticky":false,"template":"","format":"standard","meta":{"ngg_post_thumbnail":0,"footnotes":""},"categories":[143,134,149],"tags":[2096,2259],"class_list":["post-46876","post","type-post","status-publish","format-standard","has-post-thumbnail","category-postulatore-pl","category-urzedy-generalne","category-wiadomosci","tag-ameryka-srodkowa","tag-casimir-cypher-pl"],"_links":{"self":[{"href":"https:\/\/www.ofmconv.net\/pl\/wp-json\/wp\/v2\/posts\/46876","targetHints":{"allow":["GET"]}}],"collection":[{"href":"https:\/\/www.ofmconv.net\/pl\/wp-json\/wp\/v2\/posts"}],"about":[{"href":"https:\/\/www.ofmconv.net\/pl\/wp-json\/wp\/v2\/types\/post"}],"author":[{"embeddable":true,"href":"https:\/\/www.ofmconv.net\/pl\/wp-json\/wp\/v2\/users\/1"}],"replies":[{"embeddable":true,"href":"https:\/\/www.ofmconv.net\/pl\/wp-json\/wp\/v2\/comments?post=46876"}],"version-history":[{"count":0,"href":"https:\/\/www.ofmconv.net\/pl\/wp-json\/wp\/v2\/posts\/46876\/revisions"}],"wp:featuredmedia":[{"embeddable":true,"href":"https:\/\/www.ofmconv.net\/pl\/wp-json\/wp\/v2\/media\/46872"}],"wp:attachment":[{"href":"https:\/\/www.ofmconv.net\/pl\/wp-json\/wp\/v2\/media?parent=46876"}],"wp:term":[{"taxonomy":"category","embeddable":true,"href":"https:\/\/www.ofmconv.net\/pl\/wp-json\/wp\/v2\/categories?post=46876"},{"taxonomy":"post_tag","embeddable":true,"href":"https:\/\/www.ofmconv.net\/pl\/wp-json\/wp\/v2\/tags?post=46876"}],"curies":[{"name":"wp","href":"https:\/\/api.w.org\/{rel}","templated":true}]}}