{"id":47149,"date":"2022-07-23T12:28:50","date_gmt":"2022-07-23T10:28:50","guid":{"rendered":"https:\/\/ofmconv.net\/uganda-conclusione-del-corso-per-i-missionari\/"},"modified":"2022-07-26T16:30:31","modified_gmt":"2022-07-26T14:30:31","slug":"uganda-conclusione-del-corso-per-i-missionari","status":"publish","type":"post","link":"https:\/\/www.ofmconv.net\/pl\/uganda-conclusione-del-corso-per-i-missionari\/","title":{"rendered":"Uganda: zako\u0144czenie kursu dla misjonarzy"},"content":{"rendered":"<p><strong>22 lipca 2022 r. w Kampali w Ugandzie zako\u0144czy\u0142 si\u0119 kurs dla misjonarzy z trzech Zakon\u00f3w franciszka\u0144skich: OFMConv, OFM, OFMCap. Podczas Mszy \u015bw. na zako\u0144czenie by\u0142 obecny wikariusz generalny fr. Jan MACIEJOWSKI, kt\u00f3ry wyg\u0142osi\u0142 s\u0142owo Bo\u017ce oraz wr\u0119czy\u0142 ka\u017cdemu uczestnikowi dyplomy uko\u0144czenia kursu.<\/strong><\/p>\n<p>Obecne spotkanie by\u0142o kontynuacj\u0105 poprzednich, organizowanych w Brukseli. Po przerwie spowodowanej pandemi\u0105 zosta\u0142a opracowana nowa formu\u0142a z po\u0142o\u017ceniem akcentu na kontekstualizacj\u0119 powo\u0142ania misyjnego, czyli na przeprowadzenie kursu w kontek\u015bcie ju\u017c obecnej lub przysz\u0142ej pracy misyjnej franciszkan\u00f3w w Afryce.<br \/>\nW ci\u0105gu sze\u015bciu tygodni cz\u0119\u015b\u0107 teoretyczna kursu w og\u00f3lnym zarysie poruszy\u0142a takie tematy, jak: poj\u0119cie o kontynencie afryka\u0144skim, historia ewangelizacji w Afryce, podstawy misjologii, misja i inkulturacja w Afryce, misja i dialog, misja i ekonomia, misje i nowe areopagi w Afryce.<br \/>\nDo cz\u0119\u015bci teoretycznej zosta\u0142a dodana mo\u017cliwo\u015b\u0107 zapoznania si\u0119 z tym, jak nasi wsp\u00f3\u0142bracia praktycznie realizuj\u0105 powo\u0142anie misyjne. Uczestnicy mogli odwiedzi\u0107 wsp\u00f3lnoty franciszka\u0144skie i przyjrze\u0107 si\u0119 r\u00f3\u017cnorodnej pos\u0142udze duszpasterskiej (parafie, o\u015brodki zdrowia, szko\u0142y), jak te\u017c miejsca kultu innych religii czy wyzna\u0144 chrze\u015bcija\u0144skich.<br \/>\nWarto podkre\u015bli\u0107 r\u00f3wnie\u017c wymiar duchowy kursu, kt\u00f3remu szczeg\u00f3lnego charakteru nadawa\u0142a bazylika M\u0119czennik\u00f3w ugandyjskich w Munyonyo, czyli miejsce, gdzie zacz\u0119\u0142a si\u0119 droga do m\u0119cze\u0144stwa \u015bw. Karola Lwangi i towarzyszy.<br \/>\nW imieniu wszystkich uczestnik\u00f3w dzi\u0119kujemy braciom z delegatury w Ugandzie za bardzo braterskie przyj\u0119cie. Specjalne podzi\u0119kowania dla wsp\u00f3lnoty OFMConv z Kampali-Munyonyo.<br \/>\nKurs rozpocz\u0105\u0142 si\u0119 w \u015bwi\u0119to \u015bw. Antoniego z Padwy, pa\u0142aj\u0105cego pragnieniem zostania misjonarzem i m\u0119czennikiem, a zako\u0144czy\u0142 si\u0119 w \u015bwi\u0119to \u015bw. Marii Magdaleny, \u201eaposto\u0142ki aposto\u0142\u00f3w\u201d. Wydaje si\u0119 zatem, \u017ce kalendarz liturgiczny okaza\u0142 si\u0119 nieprzypadkowy, bo podpowiedzia\u0142 uczestnikom, i\u017c powo\u0142anie misjonarskie zwi\u0105zane jest z d\u0105\u017ceniem do \u015bwi\u0119to\u015bci i realizowaniem go tam, gdzie Pan B\u00f3g nas posy\u0142a, zar\u00f3wno do tych, kt\u00f3rzy s\u0105 daleko, jak i do tych, kt\u00f3rzy s\u0105 blisko.<\/p>\n<p style=\"text-align: right;\">Fr. Dariusz MAZUREK, delegat generalny ds. animacji misyjnej<\/p>\nngg_shortcode_0_placeholder\n","protected":false},"excerpt":{"rendered":"<p>22 lipca 2022 r. w Kampali w Ugandzie zako\u0144czy\u0142 si\u0119 kurs dla misjonarzy z trzech Zakon\u00f3w franciszka\u0144skich: OFMConv, OFM, OFMCap. Podczas Mszy \u015bw. na zako\u0144czenie by\u0142 obecny wikariusz generalny fr. Jan MACIEJOWSKI, kt\u00f3ry wyg\u0142osi\u0142 s\u0142owo Bo\u017ce oraz wr\u0119czy\u0142 ka\u017cdemu uczestnikowi dyplomy uko\u0144czenia kursu. Obecne spotkanie by\u0142o kontynuacj\u0105 poprzednich, organizowanych w Brukseli. Po przerwie spowodowanej pandemi\u0105 [&hellip;]<\/p>\n","protected":false},"author":1,"featured_media":47145,"comment_status":"closed","ping_status":"open","sticky":false,"template":"","format":"standard","meta":{"ngg_post_thumbnail":0,"footnotes":""},"categories":[100,131,130,134,149],"tags":[1816,829,1247,1410],"class_list":["post-47149","post","type-post","status-publish","format-standard","has-post-thumbnail","category-afcof-pl","category-federacje","category-sgam-pl","category-urzedy-generalne","category-wiadomosci","tag-corso-pl","tag-kurs-dla-misjonarzy","tag-missionari-pl","tag-uganda-en-pl"],"_links":{"self":[{"href":"https:\/\/www.ofmconv.net\/pl\/wp-json\/wp\/v2\/posts\/47149","targetHints":{"allow":["GET"]}}],"collection":[{"href":"https:\/\/www.ofmconv.net\/pl\/wp-json\/wp\/v2\/posts"}],"about":[{"href":"https:\/\/www.ofmconv.net\/pl\/wp-json\/wp\/v2\/types\/post"}],"author":[{"embeddable":true,"href":"https:\/\/www.ofmconv.net\/pl\/wp-json\/wp\/v2\/users\/1"}],"replies":[{"embeddable":true,"href":"https:\/\/www.ofmconv.net\/pl\/wp-json\/wp\/v2\/comments?post=47149"}],"version-history":[{"count":0,"href":"https:\/\/www.ofmconv.net\/pl\/wp-json\/wp\/v2\/posts\/47149\/revisions"}],"wp:featuredmedia":[{"embeddable":true,"href":"https:\/\/www.ofmconv.net\/pl\/wp-json\/wp\/v2\/media\/47145"}],"wp:attachment":[{"href":"https:\/\/www.ofmconv.net\/pl\/wp-json\/wp\/v2\/media?parent=47149"}],"wp:term":[{"taxonomy":"category","embeddable":true,"href":"https:\/\/www.ofmconv.net\/pl\/wp-json\/wp\/v2\/categories?post=47149"},{"taxonomy":"post_tag","embeddable":true,"href":"https:\/\/www.ofmconv.net\/pl\/wp-json\/wp\/v2\/tags?post=47149"}],"curies":[{"name":"wp","href":"https:\/\/api.w.org\/{rel}","templated":true}]}}