{"id":48375,"date":"2022-09-14T15:39:02","date_gmt":"2022-09-14T13:39:02","guid":{"rendered":"https:\/\/ofmconv.net\/malta-messa-solenne-di-ringraziamento-per-lordinazione-sacerdotale\/"},"modified":"2022-09-14T15:42:09","modified_gmt":"2022-09-14T13:42:09","slug":"malta-messa-solenne-di-ringraziamento-per-lordinazione-sacerdotale","status":"publish","type":"post","link":"https:\/\/www.ofmconv.net\/pl\/malta-messa-solenne-di-ringraziamento-per-lordinazione-sacerdotale\/","title":{"rendered":"Malta: Uroczysta Msza\u00a0\u015bw. dzi\u0119kczynna za\u00a0\u015bwi\u0119cenia kap\u0142a\u0144skie"},"content":{"rendered":"<p><strong>Dnia 14 maja 2022 roku Fra Robert CALLEJA z Prowincji \u015bw. Paw\u0142a Aposto\u0142a na Malcie otrzyma\u0142 \u015bwi\u0119cenia kap\u0142a\u0144skie z r\u0105k Arcybiskupa Malty, J.E. Charlesa J. SCICLUNA, w Katedrze \u015bw. Paw\u0142a w Medinie. Wraz z bratem Robertem \u015bwi\u0119cenia otrzyma\u0142o dw\u00f3ch ksi\u0119\u017cy diecezjalnych.<\/strong><\/p>\n<p>Pierwsza Msza \u015awi\u0119ta zosta\u0142a odprawiona nast\u0119pnego dnia w ko\u015bciele \u015bw. Franciszka w Rabacie, gdzie znajduje si\u0119 r\u00f3wnie\u017c ma\u0142e, ale wa\u017cne sanktuarium po\u015bwi\u0119cone Matce Bo\u017cej. Na tej Mszy \u015bw. obecna by\u0142a tylko najbli\u017csza rodzina brata Roberta i wsp\u00f3\u0142bracia z Malty. Niewiele os\u00f3b mog\u0142o uczestniczy\u0107 w podzi\u0119kowaniu Bogu za dar kap\u0142a\u0144stwa, jedynie te dwie rodziny: rodzina brata Roberta i rodzina zakonna &#8211; bracia konwentualni.<\/p>\n<p>W zwi\u0105zku z tym, dnia 25 sierpnia brat Robert odprawi\u0142 uroczyst\u0105 Msz\u0119 \u015bw. dzi\u0119kczynn\u0105 za dar kap\u0142a\u0144stwa w ko\u015bciele \u015bw. Franciszka w Birkirkara, ko\u015bciele z kt\u00f3rym brat Robert jest mocno zwi\u0105zany. Na t\u0119 uroczysto\u015b\u0107 przybyli wsp\u00f3\u0142bracia z Malty, ca\u0142a rodzina Fra Roberta, dobroczy\u0144cy i wielu przyjaci\u00f3\u0142. Pie\u015bni poprowadzi\u0142 ch\u00f3r <em>The New Choral Singers<\/em>, kt\u00f3rym Fra Robert kierowa\u0142 przez 10 lat, tu\u017c przed wst\u0105pieniem do Zakonu.<\/p>\n<p style=\"text-align: right;\">Fra Robert CALLEJA<\/p>\nngg_shortcode_0_placeholder\n","protected":false},"excerpt":{"rendered":"<p>Dnia 14 maja 2022 roku Fra Robert CALLEJA z Prowincji \u015bw. Paw\u0142a Aposto\u0142a na Malcie otrzyma\u0142 \u015bwi\u0119cenia kap\u0142a\u0144skie z r\u0105k Arcybiskupa Malty, J.E. Charlesa J. SCICLUNA, w Katedrze \u015bw. Paw\u0142a w Medinie. Wraz z bratem Robertem \u015bwi\u0119cenia otrzyma\u0142o dw\u00f3ch ksi\u0119\u017cy diecezjalnych. Pierwsza Msza \u015awi\u0119ta zosta\u0142a odprawiona nast\u0119pnego dnia w ko\u015bciele \u015bw. Franciszka w Rabacie, gdzie [&hellip;]<\/p>\n","protected":false},"author":1,"featured_media":48371,"comment_status":"closed","ping_status":"open","sticky":false,"template":"","format":"standard","meta":{"ngg_post_thumbnail":0,"footnotes":""},"categories":[131,118,149],"tags":[1163,1148],"class_list":["post-48375","post","type-post","status-publish","format-standard","has-post-thumbnail","category-federacje","category-fimp-pl","category-wiadomosci","tag-malta-pl","tag-swiecenia-kaplanskie"],"_links":{"self":[{"href":"https:\/\/www.ofmconv.net\/pl\/wp-json\/wp\/v2\/posts\/48375","targetHints":{"allow":["GET"]}}],"collection":[{"href":"https:\/\/www.ofmconv.net\/pl\/wp-json\/wp\/v2\/posts"}],"about":[{"href":"https:\/\/www.ofmconv.net\/pl\/wp-json\/wp\/v2\/types\/post"}],"author":[{"embeddable":true,"href":"https:\/\/www.ofmconv.net\/pl\/wp-json\/wp\/v2\/users\/1"}],"replies":[{"embeddable":true,"href":"https:\/\/www.ofmconv.net\/pl\/wp-json\/wp\/v2\/comments?post=48375"}],"version-history":[{"count":0,"href":"https:\/\/www.ofmconv.net\/pl\/wp-json\/wp\/v2\/posts\/48375\/revisions"}],"wp:featuredmedia":[{"embeddable":true,"href":"https:\/\/www.ofmconv.net\/pl\/wp-json\/wp\/v2\/media\/48371"}],"wp:attachment":[{"href":"https:\/\/www.ofmconv.net\/pl\/wp-json\/wp\/v2\/media?parent=48375"}],"wp:term":[{"taxonomy":"category","embeddable":true,"href":"https:\/\/www.ofmconv.net\/pl\/wp-json\/wp\/v2\/categories?post=48375"},{"taxonomy":"post_tag","embeddable":true,"href":"https:\/\/www.ofmconv.net\/pl\/wp-json\/wp\/v2\/tags?post=48375"}],"curies":[{"name":"wp","href":"https:\/\/api.w.org\/{rel}","templated":true}]}}