{"id":48390,"date":"2022-09-14T15:45:34","date_gmt":"2022-09-14T13:45:34","guid":{"rendered":"https:\/\/ofmconv.net\/malta-nuovo-presidente-del-consiglio-dei-ministri-superiori\/"},"modified":"2022-09-14T15:56:41","modified_gmt":"2022-09-14T13:56:41","slug":"malta-nuovo-presidente-del-consiglio-dei-ministri-superiori","status":"publish","type":"post","link":"https:\/\/www.ofmconv.net\/pl\/malta-nuovo-presidente-del-consiglio-dei-ministri-superiori\/","title":{"rendered":"Malta: nowy przewodnicz\u0105cy Rady Wy\u017cszych Prze\u0142o\u017conych"},"content":{"rendered":"<p><strong>Fra Colin SAMMUT, minister Prowincji \u015bw. Paw\u0142a Aposto\u0142a na Malcie, zosta\u0142 wybrany na przewodnicz\u0105cego malta\u0144skiej Rady Wy\u017cszych Prze\u0142o\u017conych Zgromadze\u0144 Zakonnych i Instytut\u00f3w \u017cycia konsekrowanego.<\/strong><\/p>\n<p>Rada promuje wsp\u00f3\u0142prac\u0119, na r\u00f3\u017cnych poziomach, pomi\u0119dzy r\u00f3\u017cnymi malta\u0144skimi instytutami religijnymi. Rada pe\u0142ni r\u00f3wnie\u017c funkcj\u0119 animatora \u017cycia zakonnego i promuje dawanie zbiorowego \u015bwiadectwo \u017cycia konsekrowanego w spo\u0142ecze\u0144stwie malta\u0144skim.<br \/>\nPrzewodnicz\u0105cy Rady ma obowi\u0105zek nawi\u0105zania wsp\u00f3\u0142pracy z Konferencj\u0105 Episkopatu Malty i wszystkimi biskupami Malty i Gozo.<br \/>\nFra Colin, jako przewodnicz\u0105cy Rady b\u0119dzie musia\u0142 reprezentowa\u0107 Rad\u0119 w czasie r\u00f3\u017cnych uroczysto\u015bci religijnych, przewodniczy\u0107 Zgromadzeniom Og\u00f3lnym i obradom Rady, przekazywa\u0107 Radzie dyrektywy i informowa\u0107 o innych wa\u017cnych sprawach, o kt\u00f3rych decyduje i kt\u00f3re promuje Stolica Apostolska.<\/p>\n<p style=\"text-align: right;\">Fra Robert CALLEJA<\/p>\n","protected":false},"excerpt":{"rendered":"<p>Fra Colin SAMMUT, minister Prowincji \u015bw. Paw\u0142a Aposto\u0142a na Malcie, zosta\u0142 wybrany na przewodnicz\u0105cego malta\u0144skiej Rady Wy\u017cszych Prze\u0142o\u017conych Zgromadze\u0144 Zakonnych i Instytut\u00f3w \u017cycia konsekrowanego. Rada promuje wsp\u00f3\u0142prac\u0119, na r\u00f3\u017cnych poziomach, pomi\u0119dzy r\u00f3\u017cnymi malta\u0144skimi instytutami religijnymi. Rada pe\u0142ni r\u00f3wnie\u017c funkcj\u0119 animatora \u017cycia zakonnego i promuje dawanie zbiorowego \u015bwiadectwo \u017cycia konsekrowanego w spo\u0142ecze\u0144stwie malta\u0144skim. Przewodnicz\u0105cy Rady ma [&hellip;]<\/p>\n","protected":false},"author":1,"featured_media":48386,"comment_status":"closed","ping_status":"open","sticky":false,"template":"","format":"standard","meta":{"ngg_post_thumbnail":0,"footnotes":""},"categories":[131,118,149],"tags":[1163],"class_list":["post-48390","post","type-post","status-publish","format-standard","has-post-thumbnail","category-federacje","category-fimp-pl","category-wiadomosci","tag-malta-pl"],"_links":{"self":[{"href":"https:\/\/www.ofmconv.net\/pl\/wp-json\/wp\/v2\/posts\/48390","targetHints":{"allow":["GET"]}}],"collection":[{"href":"https:\/\/www.ofmconv.net\/pl\/wp-json\/wp\/v2\/posts"}],"about":[{"href":"https:\/\/www.ofmconv.net\/pl\/wp-json\/wp\/v2\/types\/post"}],"author":[{"embeddable":true,"href":"https:\/\/www.ofmconv.net\/pl\/wp-json\/wp\/v2\/users\/1"}],"replies":[{"embeddable":true,"href":"https:\/\/www.ofmconv.net\/pl\/wp-json\/wp\/v2\/comments?post=48390"}],"version-history":[{"count":0,"href":"https:\/\/www.ofmconv.net\/pl\/wp-json\/wp\/v2\/posts\/48390\/revisions"}],"wp:featuredmedia":[{"embeddable":true,"href":"https:\/\/www.ofmconv.net\/pl\/wp-json\/wp\/v2\/media\/48386"}],"wp:attachment":[{"href":"https:\/\/www.ofmconv.net\/pl\/wp-json\/wp\/v2\/media?parent=48390"}],"wp:term":[{"taxonomy":"category","embeddable":true,"href":"https:\/\/www.ofmconv.net\/pl\/wp-json\/wp\/v2\/categories?post=48390"},{"taxonomy":"post_tag","embeddable":true,"href":"https:\/\/www.ofmconv.net\/pl\/wp-json\/wp\/v2\/tags?post=48390"}],"curies":[{"name":"wp","href":"https:\/\/api.w.org\/{rel}","templated":true}]}}