{"id":49557,"date":"2022-10-17T12:14:09","date_gmt":"2022-10-17T10:14:09","guid":{"rendered":"https:\/\/ofmconv.net\/napoli-guardando-lorizzonte-visita-del-ministro-generale-e-del-procuratore-generale\/"},"modified":"2022-10-17T12:39:35","modified_gmt":"2022-10-17T10:39:35","slug":"napoli-guardando-lorizzonte-visita-del-ministro-generale-e-del-procuratore-generale","status":"publish","type":"post","link":"https:\/\/www.ofmconv.net\/pl\/napoli-guardando-lorizzonte-visita-del-ministro-generale-e-del-procuratore-generale\/","title":{"rendered":"Neapol: \u201ePatrz\u0105c na horyzont\u201d. Wizyta ministra generalnego i prokuratora generalnego"},"content":{"rendered":"<p><strong>W ci\u0105gu dw\u00f3ch dni, 6 i 7 pa\u017adziernika 2022 r., minister generalny fr. Carlos TROVARELLI i prokurator generalny fr. Maurizio DI PAOLO spotkali si\u0119 ze wsp\u00f3\u0142bra\u0107mi z prowincji serafickiego ojca \u015bw. Franciszka we W\u0142oszech (Neapol). Spotkanie odby\u0142o si\u0119 w dw\u00f3ch turach w Nocera Inferiore.<\/strong><\/p>\n<p>Wyst\u0105pienia wizytator\u00f3w, starannie przygotowane i odzwierciedlaj\u0105ce ducha braterstwa, nawi\u0105zywa\u0142y do trzech wymiar\u00f3w okre\u015blonych przez ostatni\u0105 kapitu\u0142\u0119 prowincjaln\u0105 jako priorytetowe, a mianowicie: \u017cycia braterskiego i duchowego, kwestii ekonomicznych i przeprojektowania prowincji (por. Uchwa\u0142a nr 15 kapitu\u0142y generalnej z 2019 r.).<\/p>\n<p><em>\u017bycie duchowe i braterskie<\/em><br \/>\nMinister generalny, powo\u0142uj\u0105c si\u0119 na niekt\u00f3re przepisy Konstytucji, wyszczeg\u00f3lni\u0142 punkty charakterystyczne dla to\u017csamo\u015bci stylu \u017cycia i misji braci mniejszych konwentualnych, czego absolutnym fundamentem jest Tr\u00f3jca \u015awi\u0119ta. Wynika st\u0105d, \u017ce Ewangelia ma by\u0107 prze\u017cywana w braterskiej komunii, w uszlachetniaj\u0105cych relacjach <em>ad intra<\/em> i <em>ad extra<\/em>, w pokornej s\u0142u\u017cbie <em>minoritas<\/em>. \u201eKonwentualno\u015b\u0107\u201d przejawia si\u0119 wi\u0119c w aktywnym i wsp\u00f3\u0142odpowiedzialnym uczestnictwie w \u017cyciu braterskim, czynnym i kontemplacyjnym.<\/p>\n<p><em>Kwestie ekonomiczne, praca i wsp\u00f3\u0142dzielenie si\u0119<\/em><br \/>\nZ pomoc\u0105 programu PowerPoint prokurator generalny \u2013 maj\u0105c na celu prze\u017cywanie jako prawdziwi bracia mniejsi \u0142aski pracowania i wsp\u00f3\u0142dzielenia si\u0119 \u2013 zaj\u0105\u0142 si\u0119 kwestiami ekonomicznymi przedstawionymi punkt po punkcie w czteroletnim planie prowincji. Konieczne jest, aby ekonomia nie zosta\u0142a zredukowana do zwyk\u0142ych ocen w wymiarach ksi\u0119gowo\u015bci, bowiem nie mo\u017cna zapomina\u0107, \u017ce jest ona decyduj\u0105cym aspektem jednego z podstawowych rys\u00f3w \u017cycia zakonnego \u2013 ub\u00f3stwa \u015blubowanego w chwili sk\u0142adania profesji.<br \/>\nJedn\u0105 z nazw, kt\u00f3re najlepiej okre\u015blaj\u0105 idea\u0142 ub\u00f3stwa zakonnego, jest w\u0142a\u015bnie wsp\u00f3\u0142dzielenie si\u0119. Wsp\u00f3lnota d\u00f3br i dzielenie si\u0119 nimi oznacza posiadanie pe\u0142nej \u015bwiadomo\u015bci przynale\u017cno\u015bci do rodziny i jej charyzmatu. Nowo\u015b\u0107 dotyczy kanonu 1376 Kodeksu Prawa Kanonicznego, kt\u00f3ry zosta\u0142 zmodyfikowany jako \u201eochrona przed nadu\u017cyciami ekonomicznymi\u201d. Dwa nowe paragrafy przewiduj\u0105 kary dla tych, kt\u00f3rzy sprzeniewierzaj\u0105 lub alienuj\u0105 dobra ko\u015bcielne bez wymaganych zezwole\u0144, oraz dla tych, kt\u00f3rzy pope\u0142niaj\u0105 ra\u017c\u0105ce zaniedbania w zarz\u0105dzaniu maj\u0105tkiem ko\u015bcielnym.<\/p>\n<p><em>Przeprojektowanie prowincji<\/em><br \/>\nDwa popo\u0142udnia by\u0142y po\u015bwi\u0119cone przeprojektowaniu prowincji i zwi\u0105zanym z tym wyja\u015bnieniom.<br \/>\nMinister generalny powo\u0142a\u0142 si\u0119 na swoje przes\u0142anie na dzie\u0144 4 pa\u017adziernika 2022 r., zauwa\u017caj\u0105c, \u017ce charakterystyczne cechy stylu \u201ekonwentualnego\u201d w naszych Konstytucjach podkre\u015blaj\u0105 bratersko-minorycki styl naszego sposobu \u017cycia. Te odniesienia nie maj\u0105 celu pragmatycznego (tzn. braterstwa rozumianego jako zwyk\u0142e \u017cycie we wsp\u00f3lnocie, albo jako mo\u017cliwo\u015b\u0107 lepszego wykonywania r\u00f3\u017cnych pos\u0142ug ministerialnych), ale s\u0105 elementem konstytutywnym i zasadniczym. Ewangelia Jezusa Chrystusa jest projektem naszego \u017cycia i misji, a projekt ten realizuje si\u0119 w komunii braterskiej, <em>minoritas<\/em>, pokucie, nawr\u00f3ceniu, wierno\u015bci Ko\u015bcio\u0142owi i ca\u0142kowitej konsekracji wed\u0142ug rad ewangelicznych.<br \/>\nSkoro przeprojektowanie prowincji (jak wskazuje uchwa\u0142a nr 15 kapitu\u0142y generalnej z 2019 r.) jest trzecim celem po \u017cyciu bratersko-duchowym i kwestiach ekonomicznych \u2013 podkre\u015bli\u0142 na koniec minister generalny \u2013 to nale\u017cy stwierdzi\u0107, \u017ce nie ma przeprojektowania prowincji pomy\u015blanego jedynie jako organizacja strategiczna. Prawdziwe przeprojektowanie musi by\u0107 przede wszystkim duchowe i braterskie, ukierunkowane na \u017cycie wsp\u00f3lnotowe w duchu Ewangelii i zgodne z radami ewangelicznymi oraz naszym prawem partykularnym. W zwi\u0105zku z tym istnieje pilna potrzeba przeprojektowania ducho-wego i braterskiego, a tak\u017ce prowincjalnego, czyli strukturalnego: klasztor\u00f3w, dzie\u0142 itp. Dwa tory przeprojektowania (bratersko-duchowe i strukturalne) wzajemnie si\u0119 warunkuj\u0105 i wspieraj\u0105.<\/p>\n<p style=\"text-align: right;\">Fr. Giorgio TUFANO<\/p>\nngg_shortcode_0_placeholder\n","protected":false},"excerpt":{"rendered":"<p>W ci\u0105gu dw\u00f3ch dni, 6 i 7 pa\u017adziernika 2022 r., minister generalny fr. Carlos TROVARELLI i prokurator generalny fr. Maurizio DI PAOLO spotkali si\u0119 ze wsp\u00f3\u0142bra\u0107mi z prowincji serafickiego ojca \u015bw. Franciszka we W\u0142oszech (Neapol). Spotkanie odby\u0142o si\u0119 w dw\u00f3ch turach w Nocera Inferiore. Wyst\u0105pienia wizytator\u00f3w, starannie przygotowane i odzwierciedlaj\u0105ce ducha braterstwa, nawi\u0105zywa\u0142y do trzech [&hellip;]<\/p>\n","protected":false},"author":1,"featured_media":49553,"comment_status":"closed","ping_status":"open","sticky":false,"template":"","format":"standard","meta":{"ngg_post_thumbnail":0,"footnotes":""},"categories":[131,118,149],"tags":[430,1616,221,1440],"class_list":["post-49557","post","type-post","status-publish","format-standard","has-post-thumbnail","category-federacje","category-fimp-pl","category-wiadomosci","tag-minister-generalny","tag-prokurator","tag-wizyta","tag-wlochy-neapol"],"_links":{"self":[{"href":"https:\/\/www.ofmconv.net\/pl\/wp-json\/wp\/v2\/posts\/49557","targetHints":{"allow":["GET"]}}],"collection":[{"href":"https:\/\/www.ofmconv.net\/pl\/wp-json\/wp\/v2\/posts"}],"about":[{"href":"https:\/\/www.ofmconv.net\/pl\/wp-json\/wp\/v2\/types\/post"}],"author":[{"embeddable":true,"href":"https:\/\/www.ofmconv.net\/pl\/wp-json\/wp\/v2\/users\/1"}],"replies":[{"embeddable":true,"href":"https:\/\/www.ofmconv.net\/pl\/wp-json\/wp\/v2\/comments?post=49557"}],"version-history":[{"count":0,"href":"https:\/\/www.ofmconv.net\/pl\/wp-json\/wp\/v2\/posts\/49557\/revisions"}],"wp:featuredmedia":[{"embeddable":true,"href":"https:\/\/www.ofmconv.net\/pl\/wp-json\/wp\/v2\/media\/49553"}],"wp:attachment":[{"href":"https:\/\/www.ofmconv.net\/pl\/wp-json\/wp\/v2\/media?parent=49557"}],"wp:term":[{"taxonomy":"category","embeddable":true,"href":"https:\/\/www.ofmconv.net\/pl\/wp-json\/wp\/v2\/categories?post=49557"},{"taxonomy":"post_tag","embeddable":true,"href":"https:\/\/www.ofmconv.net\/pl\/wp-json\/wp\/v2\/tags?post=49557"}],"curies":[{"name":"wp","href":"https:\/\/api.w.org\/{rel}","templated":true}]}}