{"id":50025,"date":"2022-10-27T17:08:57","date_gmt":"2022-10-27T15:08:57","guid":{"rendered":"https:\/\/ofmconv.net\/sicilia-formazione-continua-dei-fratelli-religiosi\/"},"modified":"2022-10-27T17:12:00","modified_gmt":"2022-10-27T15:12:00","slug":"sicilia-formazione-continua-dei-fratelli-religiosi","status":"publish","type":"post","link":"https:\/\/www.ofmconv.net\/pl\/sicilia-formazione-continua-dei-fratelli-religiosi\/","title":{"rendered":"Sycylia: formacja ustawiczna braci zakonnych"},"content":{"rendered":"<p><strong>W dniach od 17 do 21 pa\u017adziernika 2022 r. w klasztorze w Montevago, wchodz\u0105cym w sk\u0142ad prowincji \u015bwi\u0119tych Agaty i \u0141ucji we W\u0142oszech (Sycylia), odby\u0142 si\u0119 kurs formacji ustawicznej dla braci zakonnych.<\/strong><\/p>\n<p>Inicjatywa zrodzi\u0142a si\u0119 z potrzeby zapewnienia ci\u0105g\u0142o\u015bci formacji, kt\u00f3ra uwzgl\u0119dnia\u0142aby specyfik\u0119 powo\u0142aniow\u0105 braci nieb\u0119d\u0105cych kap\u0142anami. Pocz\u0105tkowo kurs by\u0142 przeznaczony dla braci z prowincji \u015bwi\u0119tych Miko\u0142aja i Anio\u0142a we W\u0142oszech (Apulia) na podstawie projektu realizowanego przez zesp\u00f3\u0142 formacji ustawicznej w Apulii. Potem minister prowincjalny prowincji apulijskiej fr. Daniele MAIORANO przedstawi\u0142 propozycj\u0119 innym ministrom prowincjalnym z po\u0142udniowych W\u0142och, kt\u00f3rzy przyj\u0119li j\u0105 z entuzjazmem.<br \/>\nDo\u015bwiadczenie wyj\u0105tkowo\u015bci miejsca, wsp\u00f3lna wymiana pogl\u0105d\u00f3w i my\u015bli, a nawet marze\u0144, przyj\u0119cie i poddanie si\u0119 nieustannej nowo\u015bci Ducha: oto metodologia zastosowana podczas kursu. Pomocne okaza\u0142y si\u0119 nast\u0119puj\u0105ce materia\u0142y: <em>Pi\u0119kno wsp\u00f3lnoty wzrastaj\u0105cej w wiernym s\u0142uchaniu s\u0142owa Bo\u017cego i umiej\u0105cej dzieli\u0107 si\u0119 ze wszystkimi skarbami Ducha \u015awi\u0119tego<\/em> oraz dokument Kongregacji ds. Instytut\u00f3w \u017bycia Konsekrowanego i Stowarzysze\u0144 \u017bycia Apostolskiego pt. <em>To\u017csamo\u015b\u0107 i misja brata zakonnego w Ko\u015bciele<\/em>.<br \/>\nW kursie uczestniczyli nast\u0119puj\u0105cy bracia: fr. Alberto BARBARO, fr. Andrea Antonio D\u2019ALESSANDRO, fr. Antonio GRASSI, fr. Carmelo MARIA, fr. Giuseppe Paolo VANTAGGIATO, fr. Michele Massimiliano LOCRITANI, fr. Salvatore Pietro M. BUTTACI.<br \/>\nGwardian klasztoru Matki Bo\u017cej \u0141askawej w Montevago fr. Luca Mario GURRERA i kilku \u015bwieckich z miejscowej wsp\u00f3lnoty zaprezentowali projekt ewangelizacyjny, w kt\u00f3rym podzielili si\u0119 osobistym do\u015bwiadczeniem \u017cyciowym. Z kolei sycylijski minister prowincjalny fr. Gaspare LA BARBERA wyg\u0142osi\u0142 prelekcj\u0119 na temat powo\u0142ania braci zakonnych wed\u0142ug wskaza\u0144 prawa kanonicznego. Organizatorem i koordynatorem kursu by\u0142 fr. Giuseppe TONDO.<\/p>\n<p style=\"text-align: right;\">Fr. Giuseppe TONDO<\/p>\n","protected":false},"excerpt":{"rendered":"<p>W dniach od 17 do 21 pa\u017adziernika 2022 r. w klasztorze w Montevago, wchodz\u0105cym w sk\u0142ad prowincji \u015bwi\u0119tych Agaty i \u0141ucji we W\u0142oszech (Sycylia), odby\u0142 si\u0119 kurs formacji ustawicznej dla braci zakonnych. Inicjatywa zrodzi\u0142a si\u0119 z potrzeby zapewnienia ci\u0105g\u0142o\u015bci formacji, kt\u00f3ra uwzgl\u0119dnia\u0142aby specyfik\u0119 powo\u0142aniow\u0105 braci nieb\u0119d\u0105cych kap\u0142anami. Pocz\u0105tkowo kurs by\u0142 przeznaczony dla braci z prowincji [&hellip;]<\/p>\n","protected":false},"author":1,"featured_media":50021,"comment_status":"closed","ping_status":"open","sticky":false,"template":"","format":"standard","meta":{"ngg_post_thumbnail":0,"footnotes":""},"categories":[131,118,149],"tags":[609,1916],"class_list":["post-50025","post","type-post","status-publish","format-standard","has-post-thumbnail","category-federacje","category-fimp-pl","category-wiadomosci","tag-formacja","tag-wlochy-sycylia"],"_links":{"self":[{"href":"https:\/\/www.ofmconv.net\/pl\/wp-json\/wp\/v2\/posts\/50025","targetHints":{"allow":["GET"]}}],"collection":[{"href":"https:\/\/www.ofmconv.net\/pl\/wp-json\/wp\/v2\/posts"}],"about":[{"href":"https:\/\/www.ofmconv.net\/pl\/wp-json\/wp\/v2\/types\/post"}],"author":[{"embeddable":true,"href":"https:\/\/www.ofmconv.net\/pl\/wp-json\/wp\/v2\/users\/1"}],"replies":[{"embeddable":true,"href":"https:\/\/www.ofmconv.net\/pl\/wp-json\/wp\/v2\/comments?post=50025"}],"version-history":[{"count":0,"href":"https:\/\/www.ofmconv.net\/pl\/wp-json\/wp\/v2\/posts\/50025\/revisions"}],"wp:featuredmedia":[{"embeddable":true,"href":"https:\/\/www.ofmconv.net\/pl\/wp-json\/wp\/v2\/media\/50021"}],"wp:attachment":[{"href":"https:\/\/www.ofmconv.net\/pl\/wp-json\/wp\/v2\/media?parent=50025"}],"wp:term":[{"taxonomy":"category","embeddable":true,"href":"https:\/\/www.ofmconv.net\/pl\/wp-json\/wp\/v2\/categories?post=50025"},{"taxonomy":"post_tag","embeddable":true,"href":"https:\/\/www.ofmconv.net\/pl\/wp-json\/wp\/v2\/tags?post=50025"}],"curies":[{"name":"wp","href":"https:\/\/api.w.org\/{rel}","templated":true}]}}