{"id":50082,"date":"2022-10-29T09:22:10","date_gmt":"2022-10-29T07:22:10","guid":{"rendered":"https:\/\/ofmconv.net\/amantea-calabria-nuovo-parroco-e-nuova-comunita-dei-frati\/"},"modified":"2022-10-29T09:24:35","modified_gmt":"2022-10-29T07:24:35","slug":"amantea-calabria-nuovo-parroco-e-nuova-comunita-dei-frati","status":"publish","type":"post","link":"https:\/\/www.ofmconv.net\/pl\/amantea-calabria-nuovo-parroco-e-nuova-comunita-dei-frati\/","title":{"rendered":"Amantea: nowy proboszcz i\u00a0nowa wsp\u00f3lnota braci"},"content":{"rendered":"<p><strong>W niedzielny wiecz\u00f3r 16 pa\u017adziernika 2022 r. odby\u0142a si\u0119 uroczysta instalacja fr. Jacka PINKOSZA z prowincji Matki Bo\u017cej Niepokalanej w Polsce (Warszawa) jako nowego proboszcza parafii \u015bw. B\u0142a\u017ceja i jako nowego gwardiana klasztoru \u015bw. Bernardyna w Amantea (Kalabria).<\/strong><\/p>\n<p>Mszy \u015bw. przewodniczy\u0142 bp Giuseppe PIEMONTESE OFMConv, administrator apostolski diecezji Cosenza-Bisignano. W koncelebrze wzi\u0105\u0142 udzia\u0142 wikariusz prowincji warszawskiej fr. Miros\u0142aw BARTOS, a tak\u017ce miejscowi proboszczowie i zakonnicy. W\u015br\u00f3d obecnych byli przedstawicieli stowarzysze\u0144 miejskich, liczni parafianie i go\u015bcie. Podczas Eucharystii bp PIEMONTESE wyrazi\u0142 swoj\u0105 rado\u015b\u0107 i zaufanie wobec nowo przyby\u0142ych zakonnik\u00f3w, kt\u00f3rzy w mo\u017cliwie najlepszy spos\u00f3b b\u0119d\u0105 kontynuowa\u0107 prac\u0119 duszpastersk\u0105 i franciszka\u0144sk\u0105 w Amantea, prowadzon\u0105 do pocz\u0105tku lata 2022 r. przez braci z kustodii prowincjalnej \u015bwi\u0119tych Daniela i towarzyszy m\u0119czennik\u00f3w we W\u0142oszech (Kalabria).<br \/>\nNaszym braciom z prowincji warszawskiej, kt\u00f3rzy przejmuj\u0105 pos\u0142ug\u0119 od braci z kustodii kalabryjskiej, \u017cyczymy owocnej s\u0142u\u017cby duszpasterskiej w tej cz\u0119\u015bci owczarni Bo\u017cej powierzonej naszemu Zakonowi.<\/p>\n<p style=\"text-align: right;\">Biuro ds. komunikacji<\/p>\nngg_shortcode_0_placeholder\n","protected":false},"excerpt":{"rendered":"<p>W niedzielny wiecz\u00f3r 16 pa\u017adziernika 2022 r. odby\u0142a si\u0119 uroczysta instalacja fr. Jacka PINKOSZA z prowincji Matki Bo\u017cej Niepokalanej w Polsce (Warszawa) jako nowego proboszcza parafii \u015bw. B\u0142a\u017ceja i jako nowego gwardiana klasztoru \u015bw. Bernardyna w Amantea (Kalabria). Mszy \u015bw. przewodniczy\u0142 bp Giuseppe PIEMONTESE OFMConv, administrator apostolski diecezji Cosenza-Bisignano. W koncelebrze wzi\u0105\u0142 udzia\u0142 wikariusz prowincji [&hellip;]<\/p>\n","protected":false},"author":1,"featured_media":50078,"comment_status":"closed","ping_status":"open","sticky":false,"template":"","format":"standard","meta":{"ngg_post_thumbnail":0,"footnotes":""},"categories":[131,118,149],"tags":[1823],"class_list":["post-50082","post","type-post","status-publish","format-standard","has-post-thumbnail","category-federacje","category-fimp-pl","category-wiadomosci","tag-wlochy-kalabria"],"_links":{"self":[{"href":"https:\/\/www.ofmconv.net\/pl\/wp-json\/wp\/v2\/posts\/50082","targetHints":{"allow":["GET"]}}],"collection":[{"href":"https:\/\/www.ofmconv.net\/pl\/wp-json\/wp\/v2\/posts"}],"about":[{"href":"https:\/\/www.ofmconv.net\/pl\/wp-json\/wp\/v2\/types\/post"}],"author":[{"embeddable":true,"href":"https:\/\/www.ofmconv.net\/pl\/wp-json\/wp\/v2\/users\/1"}],"replies":[{"embeddable":true,"href":"https:\/\/www.ofmconv.net\/pl\/wp-json\/wp\/v2\/comments?post=50082"}],"version-history":[{"count":0,"href":"https:\/\/www.ofmconv.net\/pl\/wp-json\/wp\/v2\/posts\/50082\/revisions"}],"wp:featuredmedia":[{"embeddable":true,"href":"https:\/\/www.ofmconv.net\/pl\/wp-json\/wp\/v2\/media\/50078"}],"wp:attachment":[{"href":"https:\/\/www.ofmconv.net\/pl\/wp-json\/wp\/v2\/media?parent=50082"}],"wp:term":[{"taxonomy":"category","embeddable":true,"href":"https:\/\/www.ofmconv.net\/pl\/wp-json\/wp\/v2\/categories?post=50082"},{"taxonomy":"post_tag","embeddable":true,"href":"https:\/\/www.ofmconv.net\/pl\/wp-json\/wp\/v2\/tags?post=50082"}],"curies":[{"name":"wp","href":"https:\/\/api.w.org\/{rel}","templated":true}]}}