{"id":50370,"date":"2022-11-09T09:55:16","date_gmt":"2022-11-09T08:55:16","guid":{"rendered":"https:\/\/ofmconv.net\/vaticano-nuovo-capo-ufficio-dicastero-dottrina-della-fede\/"},"modified":"2022-11-09T09:58:26","modified_gmt":"2022-11-09T08:58:26","slug":"vaticano-nuovo-capo-ufficio-dicastero-dottrina-della-fede","status":"publish","type":"post","link":"https:\/\/www.ofmconv.net\/pl\/vaticano-nuovo-capo-ufficio-dicastero-dottrina-della-fede\/","title":{"rendered":"Watykan: nowy kierownik biura w\u00a0Dykasterii Nauki Wiary"},"content":{"rendered":"<p><strong>Dnia 8 listopada 2022 r. papie\u017c Franciszek mianowa\u0142 naszego wsp\u00f3\u0142brata fr. Francesco PANIZZOLO kierownikiem biura w Dykasterii Nauki Wiary.<\/strong><\/p>\n<p>Fr. Francesco PANIZZOLO nale\u017cy do prowincji w\u0142oskiej \u015bw. Antoniego z Padwy (W\u0142ochy P\u00f3\u0142nocne). Urodzi\u0142 si\u0119 5 lipca 1977 r. w Dolo (Wenecja). \u015aluby czasowe z\u0142o\u017cy\u0142 4 wrze\u015bnia 1997 r., a \u015bluby wieczyste 4 pa\u017adziernika 2001 r. \u015awi\u0119cenia kap\u0142a\u0144skie przyj\u0105\u0142 12 listopada 2005 r.<br \/>\nUzyska\u0142 doktorat z prawa kanonicznego na Papieskim Uniwersytecie Latera\u0144skim w Rzymie. Od 2018 r. jest cz\u0142onkiem wsp\u00f3lnoty klasztoru \u015bwi\u0119tych Dwunastu Aposto\u0142\u00f3w w Rzymie. Dotychczas by\u0142 urz\u0119dnikiem Dykasterii Nauki Wiary i nadal b\u0119dzie zajmowa\u0142 si\u0119 sprawami dyscyplinarnymi dotycz\u0105cymi wiary i moralno\u015bci.<\/p>\n<p style=\"text-align: right;\">Redakcja<\/p>\n","protected":false},"excerpt":{"rendered":"<p>Dnia 8 listopada 2022 r. papie\u017c Franciszek mianowa\u0142 naszego wsp\u00f3\u0142brata fr. Francesco PANIZZOLO kierownikiem biura w Dykasterii Nauki Wiary. Fr. Francesco PANIZZOLO nale\u017cy do prowincji w\u0142oskiej \u015bw. Antoniego z Padwy (W\u0142ochy P\u00f3\u0142nocne). Urodzi\u0142 si\u0119 5 lipca 1977 r. w Dolo (Wenecja). \u015aluby czasowe z\u0142o\u017cy\u0142 4 wrze\u015bnia 1997 r., a \u015bluby wieczyste 4 pa\u017adziernika 2001 r. [&hellip;]<\/p>\n","protected":false},"author":1,"featured_media":50366,"comment_status":"closed","ping_status":"open","sticky":false,"template":"","format":"standard","meta":{"ngg_post_thumbnail":0,"footnotes":""},"categories":[144,149],"tags":[1524],"class_list":["post-50370","post","type-post","status-publish","format-standard","has-post-thumbnail","category-ufficio-comunicazioni-pl","category-wiadomosci","tag-nominacja"],"_links":{"self":[{"href":"https:\/\/www.ofmconv.net\/pl\/wp-json\/wp\/v2\/posts\/50370","targetHints":{"allow":["GET"]}}],"collection":[{"href":"https:\/\/www.ofmconv.net\/pl\/wp-json\/wp\/v2\/posts"}],"about":[{"href":"https:\/\/www.ofmconv.net\/pl\/wp-json\/wp\/v2\/types\/post"}],"author":[{"embeddable":true,"href":"https:\/\/www.ofmconv.net\/pl\/wp-json\/wp\/v2\/users\/1"}],"replies":[{"embeddable":true,"href":"https:\/\/www.ofmconv.net\/pl\/wp-json\/wp\/v2\/comments?post=50370"}],"version-history":[{"count":0,"href":"https:\/\/www.ofmconv.net\/pl\/wp-json\/wp\/v2\/posts\/50370\/revisions"}],"wp:featuredmedia":[{"embeddable":true,"href":"https:\/\/www.ofmconv.net\/pl\/wp-json\/wp\/v2\/media\/50366"}],"wp:attachment":[{"href":"https:\/\/www.ofmconv.net\/pl\/wp-json\/wp\/v2\/media?parent=50370"}],"wp:term":[{"taxonomy":"category","embeddable":true,"href":"https:\/\/www.ofmconv.net\/pl\/wp-json\/wp\/v2\/categories?post=50370"},{"taxonomy":"post_tag","embeddable":true,"href":"https:\/\/www.ofmconv.net\/pl\/wp-json\/wp\/v2\/tags?post=50370"}],"curies":[{"name":"wp","href":"https:\/\/api.w.org\/{rel}","templated":true}]}}