{"id":50502,"date":"2022-11-11T18:01:16","date_gmt":"2022-11-11T17:01:16","guid":{"rendered":"https:\/\/ofmconv.net\/turchia-corso-sul-dialogo-ecumenico-e-interreligioso\/"},"modified":"2022-11-11T18:04:22","modified_gmt":"2022-11-11T17:04:22","slug":"turchia-corso-sul-dialogo-ecumenico-e-interreligioso","status":"publish","type":"post","link":"https:\/\/www.ofmconv.net\/pl\/turchia-corso-sul-dialogo-ecumenico-e-interreligioso\/","title":{"rendered":"Turcja: kurs na temat dialogu ekumenicznego i\u00a0mi\u0119dzyreligijnego"},"content":{"rendered":"<p><strong>W dniach 17-29 pa\u017adziernika 2022 r. w Stambule odby\u0142 si\u0119 doroczny kurs po\u015bwi\u0119cony dialogowi ekumenicznemu i mi\u0119dzyreligijnemu.<\/strong><\/p>\n<p>Kurs, organizowany przez braci mniejszych ze wsp\u00f3lnoty \u201eS. Maria Draperis\u201d w Stambule, mia\u0142 miejsce ju\u017c po raz 16. Jest on otwarty dla ca\u0142ej rodziny franciszka\u0144skiej i os\u00f3b zainteresowanych poruszan\u0105 tematyk\u0105. Uczestniczy\u0142o w nim 20 os\u00f3b, w tym, opr\u00f3cz braci franciszkan\u00f3w i si\u00f3str franciszkanek, w\u0142oski misjonarz pracuj\u0105cy w Albanii oraz kilku wolontariuszy z W\u0142och. Z naszego Zakonu obecny by\u0142 fr. Dariusz MAZUREK, delegat generalny ds. animacji misyjnej, fr. Emil KUMKA z Seraphicum w Rzymie i fr. Fictorium Natanael GINTING z Indonezji.<br \/>\nPodj\u0119to pi\u0119\u0107 istotnych temat\u00f3w: dialog jako styl \u017cycia; podstawy dialogu mi\u0119dzyreligijnego; realia dialogu; znaczenie dialogu ekumenicznego; dialog mi\u0119dzyreligijny i ekumeniczny a franciszkanie dzisiaj. Opr\u00f3cz prelekcji by\u0142 czas na wymian\u0119 opinii, dzielenie si\u0119 \u015bwiadectwami i na modlitw\u0119. Fr. Dariusz MAZUREK zabra\u0142 g\u0142os na temat dialogu i \u015bwiata zsekularyzowanego.<br \/>\nNa koniec wszyscy uczestnicy pozytywnie ocenili spotkanie, zar\u00f3wno ze wzgl\u0119du na omawiane tre\u015bci, jak i na organizacj\u0119. Ponadto ca\u0142a rodzina franciszka\u0144ska, kieruj\u0105c si\u0119 wezwaniem serafickiego ojca \u015bw. Franciszka z Asy\u017cu, aby nie\u015b\u0107 przes\u0142anie dialogu i pokoju do wszystkich cz\u0119\u015bci \u015bwiata, ponowi\u0142a swoj\u0105 gotowo\u015b\u0107 do wsp\u00f3\u0142pracy w celu osi\u0105gni\u0119cia jeszcze lepszych wynik\u00f3w w kolejnych edycjach kursu.<br \/>\nSpotkanie zako\u0144czy\u0142o si\u0119 odwiedzeniem siedmiu staro\u017cytnych Ko\u015bcio\u0142\u00f3w znajduj\u0105cych si\u0119 na terenie obecnej Turcji, wymienionych przez \u015bw. Jana Aposto\u0142a w Apokalipsie: w Efezie, Smyrnie, Pergamonie, Tiatyrze, Sardes, Filadelfii i Laodycei.<\/p>\n<p style=\"text-align: right;\">Fr. Fictorium Natanael GINTING<\/p>\nngg_shortcode_0_placeholder\n","protected":false},"excerpt":{"rendered":"<p>W dniach 17-29 pa\u017adziernika 2022 r. w Stambule odby\u0142 si\u0119 doroczny kurs po\u015bwi\u0119cony dialogowi ekumenicznemu i mi\u0119dzyreligijnemu. Kurs, organizowany przez braci mniejszych ze wsp\u00f3lnoty \u201eS. Maria Draperis\u201d w Stambule, mia\u0142 miejsce ju\u017c po raz 16. Jest on otwarty dla ca\u0142ej rodziny franciszka\u0144skiej i os\u00f3b zainteresowanych poruszan\u0105 tematyk\u0105. Uczestniczy\u0142o w nim 20 os\u00f3b, w tym, opr\u00f3cz [&hellip;]<\/p>\n","protected":false},"author":1,"featured_media":50498,"comment_status":"closed","ping_status":"open","sticky":false,"template":"","format":"standard","meta":{"ngg_post_thumbnail":0,"footnotes":""},"categories":[131,118,149],"tags":[1349,557],"class_list":["post-50502","post","type-post","status-publish","format-standard","has-post-thumbnail","category-federacje","category-fimp-pl","category-wiadomosci","tag-turcja","tag-wschod-i-ziemia-swieta"],"_links":{"self":[{"href":"https:\/\/www.ofmconv.net\/pl\/wp-json\/wp\/v2\/posts\/50502","targetHints":{"allow":["GET"]}}],"collection":[{"href":"https:\/\/www.ofmconv.net\/pl\/wp-json\/wp\/v2\/posts"}],"about":[{"href":"https:\/\/www.ofmconv.net\/pl\/wp-json\/wp\/v2\/types\/post"}],"author":[{"embeddable":true,"href":"https:\/\/www.ofmconv.net\/pl\/wp-json\/wp\/v2\/users\/1"}],"replies":[{"embeddable":true,"href":"https:\/\/www.ofmconv.net\/pl\/wp-json\/wp\/v2\/comments?post=50502"}],"version-history":[{"count":0,"href":"https:\/\/www.ofmconv.net\/pl\/wp-json\/wp\/v2\/posts\/50502\/revisions"}],"wp:featuredmedia":[{"embeddable":true,"href":"https:\/\/www.ofmconv.net\/pl\/wp-json\/wp\/v2\/media\/50498"}],"wp:attachment":[{"href":"https:\/\/www.ofmconv.net\/pl\/wp-json\/wp\/v2\/media?parent=50502"}],"wp:term":[{"taxonomy":"category","embeddable":true,"href":"https:\/\/www.ofmconv.net\/pl\/wp-json\/wp\/v2\/categories?post=50502"},{"taxonomy":"post_tag","embeddable":true,"href":"https:\/\/www.ofmconv.net\/pl\/wp-json\/wp\/v2\/tags?post=50502"}],"curies":[{"name":"wp","href":"https:\/\/api.w.org\/{rel}","templated":true}]}}