{"id":51674,"date":"2022-12-21T12:20:49","date_gmt":"2022-12-21T11:20:49","guid":{"rendered":"https:\/\/ofmconv.net\/seraphicum-fra-jose-alberto-suarez-aleman-nuovo-dottore-in-sacra-teologia\/"},"modified":"2022-12-21T12:24:39","modified_gmt":"2022-12-21T11:24:39","slug":"seraphicum-fra-jose-alberto-suarez-aleman-nuovo-dottore-in-sacra-teologia","status":"publish","type":"post","link":"https:\/\/www.ofmconv.net\/pl\/seraphicum-fra-jose-alberto-suarez-aleman-nuovo-dottore-in-sacra-teologia\/","title":{"rendered":"Seraphicum: fr. Jos\u00e9 Alberto SU\u00c1REZ ALEM\u00c1N nowym doktorem teologii"},"content":{"rendered":"<p><strong>19 grudnia 2022 r. w auli Sykstusa V Papieskiego Wydzia\u0142u Teologicznego \u015aw. Bonaventury Seraphicum w Rzymie fr. Jos\u00e9 Alberto SU\u00c1REZ ALEM\u00c1N z kustodii prowincjalnej NMP z Coromoto w Wenezueli obroni\u0142 rozpraw\u0119 doktorsk\u0105 z zakresu teologii: <em>Antropologia teologiczna a grafologia. Studium na podstawie dzie\u0142 Girolamo Moretti<\/em>.<\/strong><\/p>\n<p>Obron\u0119 poprzedzi\u0142a chwila modlitwy zaproponowana przez kandydata, kt\u00f3ry pos\u0142u\u017cy\u0142 si\u0119 w niej s\u0142owami fr. Girolamo MORETTI. Nast\u0119pnie fr. Stanis\u0142aw BAZYLI\u0143SKI, przewodnicz\u0105cy komisji i wyk\u0142adowca Pisma \u015awi\u0119tego w Seraphicum, przedstawi\u0142 kandydata do doktoratu: w 2011 r. uzyska\u0142 on bakalaureat w Wenezueli, a w 2014 r. licencjat w Seraphicum, gdzie w 2022 r. specjalizowa\u0142 si\u0119 w grafologii wieku rozwojowego; by\u0142 wychowawc\u0105 w kustodii wenezuelskiej, a obecnie jest wicerektorem dla profes\u00f3w czasowych w kolegium Seraphicum.<br \/>\nDoktorant po mistrzowsku zaprezentowa\u0142 i obroni\u0142 swoj\u0105 prac\u0119, podkre\u015blaj\u0105c potencja\u0142 tkwi\u0105cy w badaniu bogatego, cho\u0107 niesystematycznego dorobku tw\u00f3rczego fr. Girolamo MORETTI, kt\u00f3ry umia\u0142 porusza\u0107 si\u0119 pomi\u0119dzy naukowymi studiami grafologicznymi a swoim powo\u0142aniem franciszka\u0144skim, proponuj\u0105c wyrazist\u0105 drog\u0119 pomi\u0119dzy grafologi\u0105 a antropologi\u0105 teologiczn\u0105. W dalszej cz\u0119\u015bci kandydat znakomicie odpowiada\u0142 na pytania promotora fr. Raffaele DI MURO, dziekana wydzia\u0142u, drugiego promotora fr. Emanuele RIMOLI, wyk\u0142adowcy antropologii teologicznej i eschatologii, oraz recenzentki prof. Angela TAGLIAFICO, wyk\u0142adowcy teologii duchowo\u015bci. Wszyscy trzej profesorowie zgodnie uznali wysok\u0105 jako\u015b\u0107 tezy doktorskiej.<br \/>\nPod koniec obrony komisja uda\u0142a si\u0119 na narad\u0119 dotycz\u0105c\u0105 oceny i zredagowania dysertacji. Po przeprowadzonej dyskusji przewodnicz\u0105cy komisji og\u0142osi\u0142 fr. Jos\u00e9 Alberto SU\u00c1REZ ALEM\u00c1N doktorem teologii z wynikiem <em>summa cum laude<\/em> i wyrazi\u0142 nadziej\u0119 na rych\u0142\u0105 publikacj\u0119 rozprawy, co ma by\u0107 ustalone wsp\u00f3lnie z promotorami.<br \/>\nW gronie uczestnik\u00f3w obrony pracy byli: minister generalny fr. Carlos TROVARELLI, wikariusz generalny fr. Jan MACIEJOWSKI, asystent generalny CEF (Centralis Europae Foederatio) fr. Igor SALMI\u0106, wsp\u00f3\u0142bracia, wyk\u0142adowcy oraz studenci wydzia\u0142u i szko\u0142y grafologii.<br \/>\nGratulujemy naszemu wsp\u00f3\u0142bratu zdobycia tytu\u0142u naukowego i \u017cyczymy, aby owocnie dzieli\u0142 si\u0119 swoim dorobkiem i bogactwem swoich studi\u00f3w dla dobra ca\u0142ej wsp\u00f3lnoty braterskiej i Ko\u015bcio\u0142a.<\/p>\n<p style=\"text-align: right;\">Fr. Roberto LIGGERI<\/p>\nngg_shortcode_0_placeholder\n","protected":false},"excerpt":{"rendered":"<p>19 grudnia 2022 r. w auli Sykstusa V Papieskiego Wydzia\u0142u Teologicznego \u015aw. Bonaventury Seraphicum w Rzymie fr. Jos\u00e9 Alberto SU\u00c1REZ ALEM\u00c1N z kustodii prowincjalnej NMP z Coromoto w Wenezueli obroni\u0142 rozpraw\u0119 doktorsk\u0105 z zakresu teologii: Antropologia teologiczna a grafologia. Studium na podstawie dzie\u0142 Girolamo Moretti. Obron\u0119 poprzedzi\u0142a chwila modlitwy zaproponowana przez kandydata, kt\u00f3ry pos\u0142u\u017cy\u0142 si\u0119 [&hellip;]<\/p>\n","protected":false},"author":1,"featured_media":51670,"comment_status":"closed","ping_status":"open","sticky":false,"template":"","format":"standard","meta":{"ngg_post_thumbnail":0,"footnotes":""},"categories":[108,131,149],"tags":[335,976],"class_list":["post-51674","post","type-post","status-publish","format-standard","has-post-thumbnail","category-falc-pl","category-federacje","category-wiadomosci","tag-seraphicum-pl","tag-wenezuela"],"_links":{"self":[{"href":"https:\/\/www.ofmconv.net\/pl\/wp-json\/wp\/v2\/posts\/51674","targetHints":{"allow":["GET"]}}],"collection":[{"href":"https:\/\/www.ofmconv.net\/pl\/wp-json\/wp\/v2\/posts"}],"about":[{"href":"https:\/\/www.ofmconv.net\/pl\/wp-json\/wp\/v2\/types\/post"}],"author":[{"embeddable":true,"href":"https:\/\/www.ofmconv.net\/pl\/wp-json\/wp\/v2\/users\/1"}],"replies":[{"embeddable":true,"href":"https:\/\/www.ofmconv.net\/pl\/wp-json\/wp\/v2\/comments?post=51674"}],"version-history":[{"count":0,"href":"https:\/\/www.ofmconv.net\/pl\/wp-json\/wp\/v2\/posts\/51674\/revisions"}],"wp:featuredmedia":[{"embeddable":true,"href":"https:\/\/www.ofmconv.net\/pl\/wp-json\/wp\/v2\/media\/51670"}],"wp:attachment":[{"href":"https:\/\/www.ofmconv.net\/pl\/wp-json\/wp\/v2\/media?parent=51674"}],"wp:term":[{"taxonomy":"category","embeddable":true,"href":"https:\/\/www.ofmconv.net\/pl\/wp-json\/wp\/v2\/categories?post=51674"},{"taxonomy":"post_tag","embeddable":true,"href":"https:\/\/www.ofmconv.net\/pl\/wp-json\/wp\/v2\/tags?post=51674"}],"curies":[{"name":"wp","href":"https:\/\/api.w.org\/{rel}","templated":true}]}}