{"id":52430,"date":"2023-01-27T12:34:18","date_gmt":"2023-01-27T11:34:18","guid":{"rendered":"https:\/\/ofmconv.net\/brescia-incontro-dei-postulanti-francesi-spagnoli-e-italiani\/"},"modified":"2023-01-27T12:38:14","modified_gmt":"2023-01-27T11:38:14","slug":"brescia-incontro-dei-postulanti-francesi-spagnoli-e-italiani","status":"publish","type":"post","link":"https:\/\/www.ofmconv.net\/pl\/brescia-incontro-dei-postulanti-francesi-spagnoli-e-italiani\/","title":{"rendered":"Brescia: spotkanie postulant\u00f3w francuskich, hiszpa\u0144skich i\u00a0w\u0142oskich"},"content":{"rendered":"<p><strong>W dniach 23-25 stycznia 2023 r. postulanci z Francji, Hiszpanii i W\u0142och spotkali si\u0119 w Brescii, aby pozna\u0107 si\u0119 nawzajem i podzieli\u0107 si\u0119 swoim do\u015bwiadczeniem.<\/strong><\/p>\n<p>W sumie w spotkaniu wzi\u0119\u0142o udzia\u0142 14 os\u00f3b, pochodz\u0105cych z dom\u00f3w formacyjnych prowincji Naszej Pani z Montserrat w Hiszpanii, kustodii prowincjalnej \u015bw. Bonawentury we Francji i Belgii oraz prowincji w\u0142oskiej \u015bw. Antoniego z Padwy (W\u0142ochy P\u00f3\u0142nocne). Niekt\u00f3rzy postulanci odbywaj\u0105cy formacj\u0119 w prowincji padewskiej nale\u017c\u0105 do delegatury prowincjalnej w Portugalii i do kustodii generalnej \u015awi\u0119tego Konwentu \u015bw. Franciszka z Asy\u017cu we W\u0142oszech (Asy\u017c).<br \/>\nPostulantom towarzyszyli ich wychowawcy: fr. Juan Luis CORMENZANA CARPIO z Hiszpanii, fr. Jack MARDESIC i fr. Bart DE PAEPE z Francji-Belgii, fr. Alessandro PERISSINOTTO i fr. Thomas Marie Andr\u00e9 BOURQUEROD z W\u0142och.<br \/>\nDni sp\u0119dzone w klasztorze \u015bw. Franciszka z Asy\u017cu w Brescii by\u0142y okazj\u0105 do odkrycia franciszka\u0144skiej rzeczywisto\u015bci tego miejsca. W szczeg\u00f3lny spos\u00f3b, poprzez przyk\u0142ad i \u017cycie czcigodnego s\u0142ugi Bo\u017cego fr. Giacomo BULGARO, postulanci zag\u0142\u0119bili si\u0119 w rozeznanie swojego powo\u0142ania.<br \/>\nCzas prze\u017cyty razem w prostocie i braterstwie sprawi\u0142, \u017ce uczestnicy zetkn\u0119li si\u0119 z realiami ka\u017cdego kraju, poznaj\u0105c w trakcie g\u0142\u0119bokiego dialogu specyfik\u0119 formacji i realizowany program. Postulanci wraz ze swoimi wychowawcami trwali tak\u017ce na wsp\u00f3lnej modlitwie, \u0142\u0105cz\u0105c r\u00f3\u017cne j\u0119zyki w jednym g\u0142osie uwielbienia i dzi\u0119kczynienia Ojcu za wci\u0105\u017c nowy dar powo\u0142ania.<\/p>\n<p style=\"text-align: right;\">Fr. Thomas M. Andr\u00e9 BOURQUEROD<\/p>\n<p><iframe loading=\"lazy\" title=\"Postulanti OFMConv - Incontro Brescia Gennaio 2023\" width=\"696\" height=\"392\" src=\"https:\/\/www.youtube.com\/embed\/J-zyiKpDZ3k?wmode=transparent&amp;rel=0&amp;feature=oembed\" frameborder=\"0\" allow=\"accelerometer; autoplay; clipboard-write; encrypted-media; gyroscope; picture-in-picture; web-share\" referrerpolicy=\"strict-origin-when-cross-origin\" allowfullscreen><\/iframe><\/p>\n<p>&nbsp;<\/p>\n","protected":false},"excerpt":{"rendered":"<p>W dniach 23-25 stycznia 2023 r. postulanci z Francji, Hiszpanii i W\u0142och spotkali si\u0119 w Brescii, aby pozna\u0107 si\u0119 nawzajem i podzieli\u0107 si\u0119 swoim do\u015bwiadczeniem. W sumie w spotkaniu wzi\u0119\u0142o udzia\u0142 14 os\u00f3b, pochodz\u0105cych z dom\u00f3w formacyjnych prowincji Naszej Pani z Montserrat w Hiszpanii, kustodii prowincjalnej \u015bw. Bonawentury we Francji i Belgii oraz prowincji w\u0142oskiej [&hellip;]<\/p>\n","protected":false},"author":1,"featured_media":52426,"comment_status":"closed","ping_status":"open","sticky":false,"template":"","format":"standard","meta":{"ngg_post_thumbnail":0,"footnotes":""},"categories":[131,118,149],"tags":[1676,897,1995,2154],"class_list":["post-52430","post","type-post","status-publish","format-standard","has-post-thumbnail","category-federacje","category-fimp-pl","category-wiadomosci","tag-francja-belgia","tag-hiszpania","tag-postulanci","tag-wlochy-polnoc"],"_links":{"self":[{"href":"https:\/\/www.ofmconv.net\/pl\/wp-json\/wp\/v2\/posts\/52430","targetHints":{"allow":["GET"]}}],"collection":[{"href":"https:\/\/www.ofmconv.net\/pl\/wp-json\/wp\/v2\/posts"}],"about":[{"href":"https:\/\/www.ofmconv.net\/pl\/wp-json\/wp\/v2\/types\/post"}],"author":[{"embeddable":true,"href":"https:\/\/www.ofmconv.net\/pl\/wp-json\/wp\/v2\/users\/1"}],"replies":[{"embeddable":true,"href":"https:\/\/www.ofmconv.net\/pl\/wp-json\/wp\/v2\/comments?post=52430"}],"version-history":[{"count":0,"href":"https:\/\/www.ofmconv.net\/pl\/wp-json\/wp\/v2\/posts\/52430\/revisions"}],"wp:featuredmedia":[{"embeddable":true,"href":"https:\/\/www.ofmconv.net\/pl\/wp-json\/wp\/v2\/media\/52426"}],"wp:attachment":[{"href":"https:\/\/www.ofmconv.net\/pl\/wp-json\/wp\/v2\/media?parent=52430"}],"wp:term":[{"taxonomy":"category","embeddable":true,"href":"https:\/\/www.ofmconv.net\/pl\/wp-json\/wp\/v2\/categories?post=52430"},{"taxonomy":"post_tag","embeddable":true,"href":"https:\/\/www.ofmconv.net\/pl\/wp-json\/wp\/v2\/tags?post=52430"}],"curies":[{"name":"wp","href":"https:\/\/api.w.org\/{rel}","templated":true}]}}