{"id":52757,"date":"2023-02-06T13:37:52","date_gmt":"2023-02-06T12:37:52","guid":{"rendered":"https:\/\/ofmconv.net\/ucraina-servizio-agli-sfollati-poveri-e-bisognosi\/"},"modified":"2023-02-06T13:40:53","modified_gmt":"2023-02-06T12:40:53","slug":"ucraina-servizio-agli-sfollati-poveri-e-bisognosi","status":"publish","type":"post","link":"https:\/\/www.ofmconv.net\/pl\/ucraina-servizio-agli-sfollati-poveri-e-bisognosi\/","title":{"rendered":"Ukraina: pos\u0142uga przesiedle\u0144com, ubogim i\u00a0potrzebuj\u0105cym"},"content":{"rendered":"<p><strong>Kremenczuk to 300-tysi\u0119czne miasto w obwodzie po\u0142tawskim, w centrum Ukrainy. Parafia \u015bw. J\u00f3zefa jest obs\u0142ugiwana przez naszych wsp\u00f3\u0142braci i liczy oko\u0142o 100 os\u00f3b.<\/strong><\/p>\n<p>Od ponad 14 lat miejscowa wsp\u00f3lnota franciszkan\u00f3w pos\u0142uguje bezdomnym, ubogim i potrzebuj\u0105cym, a w obecnym czasie wojny tak\u017ce uchod\u017acom i przesiedle\u0144com. Dwa razy w tygodniu wydajemy ciep\u0142y posi\u0142ek, umo\u017cliwiamy pomoc medyczn\u0105, rozdajemy ubrania, strzy\u017cemy i dajemy mo\u017cliwo\u015b\u0107 skorzystania z prysznica. Regularnie pomagamy oko\u0142o 50 osobom.<br \/>\nW pierwszych miesi\u0105cach wojny zebrali\u015bmy humanitarn\u0105 pomoc dla mieszka\u0144c\u00f3w Charkowa. W nied\u0142ugim czasie otrzymali\u015bmy te\u017c pieni\u0105dze od naszej kustodii prowincjalnej Krzy\u017ca \u015awi\u0119tego na Ukrainie i od miejscowych darczy\u0144c\u00f3w. Mogli\u015bmy wi\u0119c zakupi\u0107 artyku\u0142y spo\u017cywcze i \u015brodki czysto\u015bci dla parafian. W tym trudnym okresie dostali\u015bmy tak\u017ce pomoc od bp. Edwarda KAWY. W przys\u0142anym nam transporcie by\u0142o kilka ton artyku\u0142\u00f3w spo\u017cywczych, generatory pr\u0105dotw\u00f3rcze, kilkaset latarek i kilka tysi\u0119cy baterii.<br \/>\nWkr\u00f3tce po rozpocz\u0119ciu dzia\u0142a\u0144 wojennych miasto zape\u0142ni\u0142o si\u0119 ludno\u015bci\u0105 z teren\u00f3w ogarni\u0119tych walkami. Wi\u0119kszo\u015b\u0107 przyby\u0142ych otrzyma\u0142a od nas wsparcie materialne. By\u0142o to mo\u017cliwe dzi\u0119ki pomocy wy\u017cej wymienionych dobrodziej\u00f3w i wsp\u00f3\u0142pracy z Caritas-Spes Ukraina. Od Caritas dotychczas uzyskali\u015bmy dziesi\u0119\u0107 tir\u00f3w humanitarnej pomocy. W ka\u017cdej ci\u0119\u017car\u00f3wce by\u0142o oko\u0142o 30 palet towaru: artyku\u0142y spo\u017cywcze, \u015brodki higieny, lekarstwa, rzeczy dla dzieci, \u015brodki medyczne, pampersy dla starszych os\u00f3b i dla dzieci, odzie\u017c, w\u00f3zki dla dzieci i dla os\u00f3b niepe\u0142nosprawnych, po\u015bciel, koce, poduszki itp. W roz\u0142adowywaniu dar\u00f3w pomagali nam parafianie i uchod\u017acy. W tym czasie powsta\u0142a grupa wolontariuszy sk\u0142adaj\u0105ca si\u0119 z uchod\u017ac\u00f3w, z kt\u00f3rymi wsp\u00f3\u0142pracujemy.<br \/>\nZ udzielanej przez nas pomocy skorzysta\u0142o ju\u017c oko\u0142o 40 tys. os\u00f3b uciekaj\u0105cych przed wojn\u0105, jak r\u00f3wnie\u017c emeryci i inwalidzi. Cz\u0119\u015b\u0107 lekarstw i \u015brodk\u00f3w medycznych przekazali\u015bmy szpitalom w Kremenczuku. Z naszej pomocy skorzystali \u017co\u0142nierze stacjonuj\u0105cy w mie\u015bcie i przebywaj\u0105cy na froncie. Opr\u00f3cz tego udzielili\u015bmy wsparcia zrzeszeniu os\u00f3b z wadami wzroku, domom dziecka oraz organizacji \u201eMatki Kremenczuka\u201d.<br \/>\n13 stycznia 2023 r. w naszej parafii \u015bw. J\u00f3zefa w Kremenczuku odby\u0142o si\u0119 szkolenie z udzielania pierwszej pomocy medycznej. Zosta\u0142o ono przeprowadzone w ramach wsp\u00f3\u0142pracy naszej parafii z Caritas-Spes diecezji charkowsko-zaporoskiej. W zaj\u0119ciach wzi\u0119\u0142o udzia\u0142 o\u015bmiu naszych wolontariuszy. Celem kursu by\u0142o zapoznanie si\u0119 ze wsp\u00f3\u0142czesnymi zasadami udzielania pomocy medycznej w przypadku krwotoku. Bardzo pomocne okaza\u0142y si\u0119 te\u017c \u0107wiczenia praktyczne.<\/p>\n<p style=\"text-align: right;\">Fr. Petro FRANKIV<\/p>\nngg_shortcode_0_placeholder\n","protected":false},"excerpt":{"rendered":"<p>Kremenczuk to 300-tysi\u0119czne miasto w obwodzie po\u0142tawskim, w centrum Ukrainy. Parafia \u015bw. J\u00f3zefa jest obs\u0142ugiwana przez naszych wsp\u00f3\u0142braci i liczy oko\u0142o 100 os\u00f3b. Od ponad 14 lat miejscowa wsp\u00f3lnota franciszkan\u00f3w pos\u0142uguje bezdomnym, ubogim i potrzebuj\u0105cym, a w obecnym czasie wojny tak\u017ce uchod\u017acom i przesiedle\u0144com. Dwa razy w tygodniu wydajemy ciep\u0142y posi\u0142ek, umo\u017cliwiamy pomoc medyczn\u0105, rozdajemy [&hellip;]<\/p>\n","protected":false},"author":1,"featured_media":52753,"comment_status":"closed","ping_status":"open","sticky":false,"template":"","format":"standard","meta":{"ngg_post_thumbnail":0,"footnotes":""},"categories":[131,113,149],"tags":[1032],"class_list":["post-52757","post","type-post","status-publish","format-standard","has-post-thumbnail","category-federacje","category-femo-pl","category-wiadomosci","tag-ukraina"],"_links":{"self":[{"href":"https:\/\/www.ofmconv.net\/pl\/wp-json\/wp\/v2\/posts\/52757","targetHints":{"allow":["GET"]}}],"collection":[{"href":"https:\/\/www.ofmconv.net\/pl\/wp-json\/wp\/v2\/posts"}],"about":[{"href":"https:\/\/www.ofmconv.net\/pl\/wp-json\/wp\/v2\/types\/post"}],"author":[{"embeddable":true,"href":"https:\/\/www.ofmconv.net\/pl\/wp-json\/wp\/v2\/users\/1"}],"replies":[{"embeddable":true,"href":"https:\/\/www.ofmconv.net\/pl\/wp-json\/wp\/v2\/comments?post=52757"}],"version-history":[{"count":0,"href":"https:\/\/www.ofmconv.net\/pl\/wp-json\/wp\/v2\/posts\/52757\/revisions"}],"wp:featuredmedia":[{"embeddable":true,"href":"https:\/\/www.ofmconv.net\/pl\/wp-json\/wp\/v2\/media\/52753"}],"wp:attachment":[{"href":"https:\/\/www.ofmconv.net\/pl\/wp-json\/wp\/v2\/media?parent=52757"}],"wp:term":[{"taxonomy":"category","embeddable":true,"href":"https:\/\/www.ofmconv.net\/pl\/wp-json\/wp\/v2\/categories?post=52757"},{"taxonomy":"post_tag","embeddable":true,"href":"https:\/\/www.ofmconv.net\/pl\/wp-json\/wp\/v2\/tags?post=52757"}],"curies":[{"name":"wp","href":"https:\/\/api.w.org\/{rel}","templated":true}]}}