{"id":53582,"date":"2023-03-06T13:34:52","date_gmt":"2023-03-06T12:34:52","guid":{"rendered":"https:\/\/ofmconv.net\/custodia-in-ucraina-un-anno-dopo-laggressione-russa-parte-3\/"},"modified":"2023-03-06T13:37:51","modified_gmt":"2023-03-06T12:37:51","slug":"custodia-in-ucraina-un-anno-dopo-laggressione-russa-parte-3","status":"publish","type":"post","link":"https:\/\/www.ofmconv.net\/pl\/custodia-in-ucraina-un-anno-dopo-laggressione-russa-parte-3\/","title":{"rendered":"Kustodia na Ukrainie: rok po rosyjskiej agresji (cz\u0119\u015b\u0107\u00a03)"},"content":{"rendered":"<p><strong>Podzi\u0119kowanie z Bo\u0142szowiec.<\/strong><\/p>\n<p><strong>Klasztor franciszka\u0144ski w Bo\u0142szowcach jest po\u0142o\u017cony w obwodzie przykarpackim w Ukrainie. Jest to w miar\u0119 bezpieczny region kraju. Znajduje si\u0119 tutaj wiele o\u015brodk\u00f3w rehabilitacyjnych dla ofiar wojny ze wschodnich rejon\u00f3w.<\/strong><\/p>\n<p>Dzi\u0119ki pomocy ludzi dobrej woli z Polski i z innych kraj\u00f3w, a tak\u017ce wsparciu ko\u0142a misyjnego z parafii \u015bw. Franciszka w Zielonej G\u00f3rze oraz kustodii prowincjalnej Krzy\u017ca \u015awi\u0119tego na Ukrainie, uda\u0142o si\u0119 za po\u015brednictwem naszego klasztoru przekaza\u0107 plac\u00f3wkom medycznym w obwodzie iwanofrankiwskim 9 sztuk agregat\u00f3w pr\u0105dotw\u00f3rczych i 4 przetwornice pr\u0105du z akumulatorami, a ponadto sfinansowa\u0107 zakup aparatu USG dla sanatorium w Jaremczy, gdzie s\u0105 leczone dzieci b\u0119d\u0105ce ofiarami wojny.<br \/>\nSerdecznie dzi\u0119kujemy za pomoc i zapewniamy o modlitwie za naszych dobrodziej\u00f3w przed cudownym obrazem Matki Bo\u017cej Pokoju i Pojednania w Bo\u0142szowcach.<\/p>\n<p style=\"text-align: right;\">Fr. Micha\u0142 STASZAK<\/p>\nngg_shortcode_0_placeholder\n","protected":false},"excerpt":{"rendered":"<p>Podzi\u0119kowanie z Bo\u0142szowiec. Klasztor franciszka\u0144ski w Bo\u0142szowcach jest po\u0142o\u017cony w obwodzie przykarpackim w Ukrainie. Jest to w miar\u0119 bezpieczny region kraju. Znajduje si\u0119 tutaj wiele o\u015brodk\u00f3w rehabilitacyjnych dla ofiar wojny ze wschodnich rejon\u00f3w. Dzi\u0119ki pomocy ludzi dobrej woli z Polski i z innych kraj\u00f3w, a tak\u017ce wsparciu ko\u0142a misyjnego z parafii \u015bw. Franciszka w Zielonej [&hellip;]<\/p>\n","protected":false},"author":1,"featured_media":53577,"comment_status":"closed","ping_status":"open","sticky":false,"template":"","format":"standard","meta":{"ngg_post_thumbnail":0,"footnotes":""},"categories":[131,113,149],"tags":[1032],"class_list":["post-53582","post","type-post","status-publish","format-standard","has-post-thumbnail","category-federacje","category-femo-pl","category-wiadomosci","tag-ukraina"],"_links":{"self":[{"href":"https:\/\/www.ofmconv.net\/pl\/wp-json\/wp\/v2\/posts\/53582","targetHints":{"allow":["GET"]}}],"collection":[{"href":"https:\/\/www.ofmconv.net\/pl\/wp-json\/wp\/v2\/posts"}],"about":[{"href":"https:\/\/www.ofmconv.net\/pl\/wp-json\/wp\/v2\/types\/post"}],"author":[{"embeddable":true,"href":"https:\/\/www.ofmconv.net\/pl\/wp-json\/wp\/v2\/users\/1"}],"replies":[{"embeddable":true,"href":"https:\/\/www.ofmconv.net\/pl\/wp-json\/wp\/v2\/comments?post=53582"}],"version-history":[{"count":0,"href":"https:\/\/www.ofmconv.net\/pl\/wp-json\/wp\/v2\/posts\/53582\/revisions"}],"wp:featuredmedia":[{"embeddable":true,"href":"https:\/\/www.ofmconv.net\/pl\/wp-json\/wp\/v2\/media\/53577"}],"wp:attachment":[{"href":"https:\/\/www.ofmconv.net\/pl\/wp-json\/wp\/v2\/media?parent=53582"}],"wp:term":[{"taxonomy":"category","embeddable":true,"href":"https:\/\/www.ofmconv.net\/pl\/wp-json\/wp\/v2\/categories?post=53582"},{"taxonomy":"post_tag","embeddable":true,"href":"https:\/\/www.ofmconv.net\/pl\/wp-json\/wp\/v2\/tags?post=53582"}],"curies":[{"name":"wp","href":"https:\/\/api.w.org\/{rel}","templated":true}]}}