{"id":53722,"date":"2023-03-08T14:31:11","date_gmt":"2023-03-08T13:31:11","guid":{"rendered":"https:\/\/ofmconv.net\/sicilia-calabria-capitolo-spirituale\/"},"modified":"2023-03-08T14:35:26","modified_gmt":"2023-03-08T13:35:26","slug":"sicilia-calabria-capitolo-spirituale","status":"publish","type":"post","link":"https:\/\/www.ofmconv.net\/pl\/sicilia-calabria-capitolo-spirituale\/","title":{"rendered":"Sycylia i Kalabria: kapitu\u0142a duchowa"},"content":{"rendered":"<p><strong><em>Ludzka s\u0142abo\u015b\u0107 jako \u201esacrum\u201d przestrzeni prawdy, aby \u017cy\u0107 braterstwem<\/em>: takie has\u0142o przy\u015bwieca\u0142o kapitule duchowej prowincji \u015bwi\u0119tych Agaty i \u0141ucji we W\u0142oszech (Sycylia) oraz kustodii prowincjalnej \u015bwi\u0119tych Daniela i towarzyszy m\u0119czennik\u00f3w we W\u0142oszech (Kalabria), kt\u00f3ra odby\u0142a si\u0119 w dniach od 27 lutego do 4 marca 2023 r. w centrum \u015bw. Maksymiliana M. Kolbego w Carini (Palermo).<\/strong><\/p>\n<p>Bracia ze wszystkich klasztor\u00f3w sycylijskich i kalabryjskich, podzieleni na dwie tury, wzi\u0119li udzia\u0142 w dorocznym spotkaniu, aby w \u015bwietle Ducha \u015awi\u0119tego rozezna\u0107 odpowiednie sposoby zachowania i uaktualnienia franciszka\u0144skiego charyzmatu i duchowego dziedzictwa Zakonu.<br \/>\nW roku obchod\u00f3w osiemsetlecia urz\u0105dzenia \u017c\u0142\u00f3bka w Greccio kapitu\u0142a pragn\u0119\u0142a pog\u0142\u0119bi\u0107 i urzeczywistni\u0107, poprzez spotkanie i dialog, logik\u0119 wpisan\u0105 we wcielenie Syna Bo\u017cego: wymiar ub\u00f3stwa. Poprzez t\u0119 logik\u0119 \u015bw. Franciszek uczy nas, \u017ce w naszej ma\u0142o\u015bci i s\u0142abo\u015bci otwieraj\u0105 si\u0119 drzwi do autentycznego spotkania z sercem drugiego cz\u0142owieka.<br \/>\nAnimatork\u0105 kapitu\u0142y by\u0142a dr Olga VICARI, neuropsychiatra dzieci\u0119cy, cz\u0142onkini naszej komisji ds. formacji, ewangelizacji i promocji duchowo\u015bci i kultury franciszka\u0144skiej. Dzi\u0119ki kompetentnemu i m\u0105dremu prowadzeniu obrad, jak r\u00f3wnie\u017c poprzez dynamik\u0119 w\u0142asnego do\u015bwiadczenia, sprawi\u0142a, \u017ce bracia wkroczyli na \u2013 nie zawsze \u0142atw\u0105 \u2013 drog\u0119 dzielenia si\u0119 swoj\u0105 krucho\u015bci\u0105 i w ten spos\u00f3b u\u015bwiadomili sobie \u00f3w punkt wyj\u015bcia i solidny fundament, na kt\u00f3rym mo\u017cna budowa\u0107 trwa\u0142e braterstwo.<br \/>\nBy\u0142y to dni intensywnego i autentycznego braterstwa i otwarto\u015bci serca, osobistej refleksji i modlitwy. Powierzamy Panu, Niepokalanej Dziewicy i naszemu serafickiemu ojcu owoce wsp\u00f3lnie prze\u017cytych dni, a zarazem dalsz\u0105 drog\u0119 prowincji sycylijskiej i kustodii kalabryjskiej, kt\u00f3re wkr\u00f3tce po\u0142\u0105cz\u0105 si\u0119 w jedn\u0105 jurysdykcj\u0119.<\/p>\n<p style=\"text-align: right;\">Fr. Rosario TERRANOVA, sekretarz prowincji<\/p>\nngg_shortcode_0_placeholder\n","protected":false},"excerpt":{"rendered":"<p>Ludzka s\u0142abo\u015b\u0107 jako \u201esacrum\u201d przestrzeni prawdy, aby \u017cy\u0107 braterstwem: takie has\u0142o przy\u015bwieca\u0142o kapitule duchowej prowincji \u015bwi\u0119tych Agaty i \u0141ucji we W\u0142oszech (Sycylia) oraz kustodii prowincjalnej \u015bwi\u0119tych Daniela i towarzyszy m\u0119czennik\u00f3w we W\u0142oszech (Kalabria), kt\u00f3ra odby\u0142a si\u0119 w dniach od 27 lutego do 4 marca 2023 r. w centrum \u015bw. Maksymiliana M. Kolbego w Carini (Palermo). [&hellip;]<\/p>\n","protected":false},"author":1,"featured_media":53718,"comment_status":"closed","ping_status":"open","sticky":false,"template":"","format":"standard","meta":{"ngg_post_thumbnail":0,"footnotes":""},"categories":[131,118,149],"tags":[1048,1823,1916],"class_list":["post-53722","post","type-post","status-publish","format-standard","has-post-thumbnail","category-federacje","category-fimp-pl","category-wiadomosci","tag-kapitula-duchowa","tag-wlochy-kalabria","tag-wlochy-sycylia"],"_links":{"self":[{"href":"https:\/\/www.ofmconv.net\/pl\/wp-json\/wp\/v2\/posts\/53722","targetHints":{"allow":["GET"]}}],"collection":[{"href":"https:\/\/www.ofmconv.net\/pl\/wp-json\/wp\/v2\/posts"}],"about":[{"href":"https:\/\/www.ofmconv.net\/pl\/wp-json\/wp\/v2\/types\/post"}],"author":[{"embeddable":true,"href":"https:\/\/www.ofmconv.net\/pl\/wp-json\/wp\/v2\/users\/1"}],"replies":[{"embeddable":true,"href":"https:\/\/www.ofmconv.net\/pl\/wp-json\/wp\/v2\/comments?post=53722"}],"version-history":[{"count":0,"href":"https:\/\/www.ofmconv.net\/pl\/wp-json\/wp\/v2\/posts\/53722\/revisions"}],"wp:featuredmedia":[{"embeddable":true,"href":"https:\/\/www.ofmconv.net\/pl\/wp-json\/wp\/v2\/media\/53718"}],"wp:attachment":[{"href":"https:\/\/www.ofmconv.net\/pl\/wp-json\/wp\/v2\/media?parent=53722"}],"wp:term":[{"taxonomy":"category","embeddable":true,"href":"https:\/\/www.ofmconv.net\/pl\/wp-json\/wp\/v2\/categories?post=53722"},{"taxonomy":"post_tag","embeddable":true,"href":"https:\/\/www.ofmconv.net\/pl\/wp-json\/wp\/v2\/tags?post=53722"}],"curies":[{"name":"wp","href":"https:\/\/api.w.org\/{rel}","templated":true}]}}