{"id":54807,"date":"2023-04-26T13:29:59","date_gmt":"2023-04-26T11:29:59","guid":{"rendered":"https:\/\/ofmconv.net\/spagna-pellegrinaggio-nei-luoghi-francescani\/"},"modified":"2023-04-26T13:34:29","modified_gmt":"2023-04-26T11:34:29","slug":"spagna-pellegrinaggio-nei-luoghi-francescani","status":"publish","type":"post","link":"https:\/\/www.ofmconv.net\/pl\/spagna-pellegrinaggio-nei-luoghi-francescani\/","title":{"rendered":"Hiszpania: pielgrzymka do miejsc franciszka\u0144skich"},"content":{"rendered":"<p><strong>Z okazji obchod\u00f3w franciszka\u0144skiego osiemsetlecia prowincja Naszej Pani z Montserrat w Hiszpanii zorganizowa\u0142a w dniach od 11 do 17 kwietnia 2023 r. pielgrzymk\u0119 do W\u0142och. Czternastu braci wraz z ministrem prowincjalnym fr. Juan Antonio AD\u00c1NEZ SILV\u00c1N zwiedza\u0142o miejsca drogie \u015bw. Franciszkowi.<\/strong><\/p>\n<p>Bracia wyruszyli samolotem z Madrytu do Rzymu. Z Wiecznego Miasta udali si\u0119 do Asy\u017cu, wst\u0119puj\u0105c po drodze do Monteluco (Spoleto), zatrzymuj\u0105c si\u0119 na noclegi w klasztorze \u201eFranciscanum\u201d.<br \/>\nOdbyli dwie wycieczki: jedna prowadzi\u0142a do doliny Rieti (Fontecolombo, La Foresta i Greccio), a druga na g\u00f3r\u0119 Alwerni\u0119. Dwa dni sp\u0119dzili w Asy\u017cu i jego okolicach, nawiedzaj\u0105c bazyliki \u015bw. Franciszka i \u015bw. Klary, katedr\u0119 \u015bw. Rufina i inne miejsca franciszka\u0144skie, w tym dawn\u0105 katedr\u0119 Matki Bo\u017cej Wi\u0119kszej i pa\u0142ac biskupi, gdzie mieli okazj\u0119 zobaczy\u0107 wykopaliska przy tzw. \u201ebramie nawr\u00f3cenia\u201d. Dotarli te\u017c na obrze\u017ca miasta: Carceri, San Damiano, Rivotorto i Santa Maria degli Angeli.<br \/>\nOgromne podzi\u0119kowania nale\u017c\u0105 si\u0119 gwardianowi \u201eFranciscanum\u201d fr. Jerzemu NORELOWI i ca\u0142ej wsp\u00f3lnocie za przyj\u0119cie wsp\u00f3\u0142braci i za bratersk\u0105 mi\u0142o\u015b\u0107, pomoc i opiek\u0119 okazane choremu fr. Fulgencio IB\u00c1\u00d1EZ IB\u00c1\u00d1EZ, kt\u00f3ry w dniu przyjazdu do Asy\u017cu z\u0142ama\u0142 rzepk\u0119. Zosta\u0142 ju\u017c zoperowany w Granollers i wynik zabiegu jest dobry.<br \/>\nDzi\u0119kujemy r\u00f3wnie\u017c kustoszowi \u015awi\u0119tego Konwentu fr. Marco MORONI za podj\u0119cie nas i za mo\u017cliwo\u015b\u0107 zwiedzenia najtajniejszych zakamark\u00f3w klasztornych, a ponadto fr. Carlo BOTTERO za po\u015bwi\u0119cenie i wysi\u0142ek w\u0142o\u017cony w pokazanie braciom niekt\u00f3rych dokument\u00f3w z pocz\u0105tk\u00f3w Zakonu, przechowywanych w miejscowej bibliotece.<br \/>\nZ Asy\u017cu wsp\u00f3\u0142bracia udali si\u0119 do Rzymu. Zatrzymali si\u0119 w Seraphicum, dziel\u0105c st\u00f3\u0142 i nieco wolnego czasu z bra\u0107mi. Zwiedzili \u015bwi\u0105tynie, kt\u00f3re przypominaj\u0105 o obecno\u015bci \u015bw. Franciszka: bazylik\u0119 \u015bw. Piotra w Watykanie, gdzie z\u0142o\u017cyli wizyt\u0119 w penitencjarii, bazylik\u0119 \u015bw. Paw\u0142a za Murami oraz bazylik\u0119 \u015bw. Jana na Lateranie, gdzie w przyleg\u0142ym pa\u0142acu Honoriusz III bull\u0105 <em>Solet annuere<\/em> zatwierdzi\u0142 Regu\u0142\u0119.<br \/>\nBy\u0142 te\u017c czas na odwiedzenie bazyliki \u015bwi\u0119tych Dwunastu Aposto\u0142\u00f3w i na kolacj\u0119 przygotowan\u0105 przez wsp\u00f3lnot\u0119 kurii generalnej.<br \/>\nWielkie podzi\u0119kowanie skierowane jest do organizatora pielgrzymki oraz do spotkanych braci i wsp\u00f3lnot. Wszyscy sprawili, \u017ce wizyta i pobyt we W\u0142oszech by\u0142y udane.<\/p>\n<p style=\"text-align: right;\">Fr. Valent\u00edn REDONDO FUENTES<\/p>\n<p><iframe loading=\"lazy\" title=\"Spagna - pellegrinaggio\" width=\"696\" height=\"392\" src=\"https:\/\/www.youtube.com\/embed\/p_1pw8fCaao?wmode=transparent&amp;rel=0&amp;feature=oembed\" frameborder=\"0\" allow=\"accelerometer; autoplay; clipboard-write; encrypted-media; gyroscope; picture-in-picture; web-share\" referrerpolicy=\"strict-origin-when-cross-origin\" allowfullscreen><\/iframe><\/p>\n","protected":false},"excerpt":{"rendered":"<p>Z okazji obchod\u00f3w franciszka\u0144skiego osiemsetlecia prowincja Naszej Pani z Montserrat w Hiszpanii zorganizowa\u0142a w dniach od 11 do 17 kwietnia 2023 r. pielgrzymk\u0119 do W\u0142och. Czternastu braci wraz z ministrem prowincjalnym fr. Juan Antonio AD\u00c1NEZ SILV\u00c1N zwiedza\u0142o miejsca drogie \u015bw. Franciszkowi. Bracia wyruszyli samolotem z Madrytu do Rzymu. Z Wiecznego Miasta udali si\u0119 do Asy\u017cu, [&hellip;]<\/p>\n","protected":false},"author":1,"featured_media":54803,"comment_status":"closed","ping_status":"open","sticky":false,"template":"","format":"standard","meta":{"ngg_post_thumbnail":0,"footnotes":""},"categories":[131,118,149],"tags":[897],"class_list":["post-54807","post","type-post","status-publish","format-standard","has-post-thumbnail","category-federacje","category-fimp-pl","category-wiadomosci","tag-hiszpania"],"_links":{"self":[{"href":"https:\/\/www.ofmconv.net\/pl\/wp-json\/wp\/v2\/posts\/54807","targetHints":{"allow":["GET"]}}],"collection":[{"href":"https:\/\/www.ofmconv.net\/pl\/wp-json\/wp\/v2\/posts"}],"about":[{"href":"https:\/\/www.ofmconv.net\/pl\/wp-json\/wp\/v2\/types\/post"}],"author":[{"embeddable":true,"href":"https:\/\/www.ofmconv.net\/pl\/wp-json\/wp\/v2\/users\/1"}],"replies":[{"embeddable":true,"href":"https:\/\/www.ofmconv.net\/pl\/wp-json\/wp\/v2\/comments?post=54807"}],"version-history":[{"count":0,"href":"https:\/\/www.ofmconv.net\/pl\/wp-json\/wp\/v2\/posts\/54807\/revisions"}],"wp:featuredmedia":[{"embeddable":true,"href":"https:\/\/www.ofmconv.net\/pl\/wp-json\/wp\/v2\/media\/54803"}],"wp:attachment":[{"href":"https:\/\/www.ofmconv.net\/pl\/wp-json\/wp\/v2\/media?parent=54807"}],"wp:term":[{"taxonomy":"category","embeddable":true,"href":"https:\/\/www.ofmconv.net\/pl\/wp-json\/wp\/v2\/categories?post=54807"},{"taxonomy":"post_tag","embeddable":true,"href":"https:\/\/www.ofmconv.net\/pl\/wp-json\/wp\/v2\/tags?post=54807"}],"curies":[{"name":"wp","href":"https:\/\/api.w.org\/{rel}","templated":true}]}}