{"id":55158,"date":"2023-05-08T12:45:25","date_gmt":"2023-05-08T10:45:25","guid":{"rendered":"https:\/\/ofmconv.net\/calabria-sicilia-festa-provinciale\/"},"modified":"2023-05-08T12:49:58","modified_gmt":"2023-05-08T10:49:58","slug":"calabria-sicilia-festa-provinciale","status":"publish","type":"post","link":"https:\/\/www.ofmconv.net\/pl\/calabria-sicilia-festa-provinciale\/","title":{"rendered":"Kalabria i\u00a0Sycylia: \u015bwi\u0119to prowincjalne"},"content":{"rendered":"<p><strong>5 maja 2023 r. w klasztorze \u015bw. Franciszka w Palmi spotkali si\u0119 bracia z prowincji \u015bwi\u0119tych Agaty i \u0141ucji we W\u0142oszech (Sycylia) oraz z kustodii prowincjalnej \u015bwi\u0119tych Daniela i towarzyszy m\u0119czennik\u00f3w we W\u0142oszech (Kalabria).<\/strong><\/p>\n<p>Na szczeg\u00f3lne podkre\u015blenie zas\u0142uguje serdeczne przyj\u0119cie ze strony kustosza fr. Giorgio TASSONE i wsp\u00f3lnoty zakonnik\u00f3w i \u015bwieckich z Palmi.<br \/>\nBracia z prowincji sycylijskiej wraz z kilkoma \u015bwieckimi wsp\u00f3\u0142pracownikami wyruszyli wczesnym rankiem w podr\u00f3\u017c autobusem do Kalabrii. Po przybyciu do Palmi kustosz przedstawi\u0142 rzeczywisto\u015b\u0107 spo\u0142eczn\u0105 i religijn\u0105 miasta oraz r\u00f3\u017cne formy dzia\u0142alno\u015bci duszpasterskiej parafii. Nast\u0119pnie podczas Mszy \u015bw., kt\u00f3rej przewodniczy\u0142 fr. Giorgio TASSONE, zaraz po homilii, bracia odnowili \u015bluby zakonne.<br \/>\nNa zako\u0144czenie liturgii minister prowincjalny z Sycylii fr. Gaspare LA BARBERA podzi\u0119kowa\u0142 kustoszowi i wsp\u00f3\u0142braciom z Kalabrii za ciep\u0142e przyj\u0119cie i przypomnia\u0142, \u017ce wyb\u00f3r Palmi jako miejsca obchod\u00f3w \u201e\u015bwi\u0119ta prowincji\u201d jest kolejnym krokiem na ju\u017c podj\u0119tej drodze, kt\u00f3ra doprowadzi do tego, \u017ce pod koniec sierpnia 2023 r. dwie jednostki, Sycylia i Kalabria, stan\u0105 si\u0119 jedn\u0105 jurysdykcj\u0105 pod nazw\u0105 \u201eprowincja Niepokalanego Pocz\u0119cia\u201d we W\u0142oszech Po\u0142udniowych.<br \/>\nW kolejnym punkcie minister prowincjalny wymieni\u0142 braci obchodz\u0105cych w tym roku jubileusze, a w szczeg\u00f3lno\u015bci: fr. Salvatore LO CURCIO, wikariusz prowincji sycylijskiej \u2013 25-lecie \u015bwi\u0119ce\u0144 prezbiteratu (5 stycznia), fr. Vincenzo MANGONE \u2013 60-lecie \u015bwi\u0119ce\u0144 prezbiteratu (17 lutego), fr. Fedele FIASCONARO i fr. Augusto DRAGO \u2013 60-lecie \u015bwi\u0119ce\u0144 prezbiteratu (30 marca), fr. Angelo SPARACINO \u2013 60-lecie \u015bwi\u0119ce\u0144 prezbiteratu (1 wrze\u015bnia), fr. Antonio PARISI \u2013 25-lecie profesji zakonnej (6 wrze\u015bnia), fr. Tommaso GAUDIO \u2013 70-lecie profesji zakonnej (17 wrze\u015bnia), fr. Felice FIASCONARO \u2013 60-lecie profesji zakonnej (17 wrze\u015bnia), fr. Francesco CELESTINO \u2013 25-lecie \u015bwi\u0119ce\u0144 prezbiteratu (29 grudnia).<br \/>\nPodczas Mszy \u015bw. wszyscy modlili si\u0119 za braci zmar\u0142ych w ci\u0105gu roku, zw\u0142aszcza za fr. Antonio MILAZZO i fr. Luigi BUTERA, a tak\u017ce za zmar\u0142\u0105 kilka dni wcze\u015bniej mam\u0119 fr. Antonino ARENA.<br \/>\nNa pami\u0105tk\u0119 wsp\u00f3lnie sp\u0119dzonego \u015bwi\u0119ta fr. Gaspare LA BARBERA z\u0142o\u017cy\u0142 w imieniu ca\u0142ej prowincji dar dla kustodii kalabryjskiej w postaci zdobionej ceramiki, wykonanej w szkole palermia\u0144skiej.<br \/>\nPo obiedzie mia\u0142o miejsce zwiedzanie budynku znajduj\u0105cego si\u0119 tu\u017c przy ko\u015bciele, oddanego na u\u017cytek parafii przez miasto Palmi. Wykorzystywany jest on jako centrum spo\u0142eczne \u201eMadonna del Rosario\u201d i odbywaj\u0105 si\u0119 w nim r\u00f3\u017cne zaj\u0119cia, w tym tak\u017ce liturgiczne.<br \/>\nDzie\u0144 zako\u0144czy\u0142 si\u0119 spacerem po pi\u0119knej promenadzie \u201eUlivarella\u201d, gdzie na horyzoncie wida\u0107 Sycyli\u0119 i Wyspy Liparyjskie. Widok ten przypomnia\u0142 nam, jak blisko s\u0105 Sycylia i Kalabria, nie tylko geograficznie, ale przede wszystkim ze wzgl\u0119du na franciszka\u0144skiego ducha braterstwa.<\/p>\n<p style=\"text-align: right;\">Fr. Rosario TERRANOVA, sekretarz prowincji<\/p>\n<p><iframe loading=\"lazy\" title=\"Calabria - Sicilia   OFMConv\" width=\"696\" height=\"392\" src=\"https:\/\/www.youtube.com\/embed\/iWXTTWX-pjs?wmode=transparent&amp;rel=0&amp;feature=oembed\" frameborder=\"0\" allow=\"accelerometer; autoplay; clipboard-write; encrypted-media; gyroscope; picture-in-picture; web-share\" referrerpolicy=\"strict-origin-when-cross-origin\" allowfullscreen><\/iframe><\/p>\n","protected":false},"excerpt":{"rendered":"<p>5 maja 2023 r. w klasztorze \u015bw. Franciszka w Palmi spotkali si\u0119 bracia z prowincji \u015bwi\u0119tych Agaty i \u0141ucji we W\u0142oszech (Sycylia) oraz z kustodii prowincjalnej \u015bwi\u0119tych Daniela i towarzyszy m\u0119czennik\u00f3w we W\u0142oszech (Kalabria). Na szczeg\u00f3lne podkre\u015blenie zas\u0142uguje serdeczne przyj\u0119cie ze strony kustosza fr. Giorgio TASSONE i wsp\u00f3lnoty zakonnik\u00f3w i \u015bwieckich z Palmi. Bracia z [&hellip;]<\/p>\n","protected":false},"author":1,"featured_media":55154,"comment_status":"closed","ping_status":"open","sticky":false,"template":"","format":"standard","meta":{"ngg_post_thumbnail":0,"footnotes":""},"categories":[131,118,149],"tags":[1511,1916],"class_list":["post-55158","post","type-post","status-publish","format-standard","has-post-thumbnail","category-federacje","category-fimp-pl","category-wiadomosci","tag-wlochy-kialabria","tag-wlochy-sycylia"],"_links":{"self":[{"href":"https:\/\/www.ofmconv.net\/pl\/wp-json\/wp\/v2\/posts\/55158","targetHints":{"allow":["GET"]}}],"collection":[{"href":"https:\/\/www.ofmconv.net\/pl\/wp-json\/wp\/v2\/posts"}],"about":[{"href":"https:\/\/www.ofmconv.net\/pl\/wp-json\/wp\/v2\/types\/post"}],"author":[{"embeddable":true,"href":"https:\/\/www.ofmconv.net\/pl\/wp-json\/wp\/v2\/users\/1"}],"replies":[{"embeddable":true,"href":"https:\/\/www.ofmconv.net\/pl\/wp-json\/wp\/v2\/comments?post=55158"}],"version-history":[{"count":0,"href":"https:\/\/www.ofmconv.net\/pl\/wp-json\/wp\/v2\/posts\/55158\/revisions"}],"wp:featuredmedia":[{"embeddable":true,"href":"https:\/\/www.ofmconv.net\/pl\/wp-json\/wp\/v2\/media\/55154"}],"wp:attachment":[{"href":"https:\/\/www.ofmconv.net\/pl\/wp-json\/wp\/v2\/media?parent=55158"}],"wp:term":[{"taxonomy":"category","embeddable":true,"href":"https:\/\/www.ofmconv.net\/pl\/wp-json\/wp\/v2\/categories?post=55158"},{"taxonomy":"post_tag","embeddable":true,"href":"https:\/\/www.ofmconv.net\/pl\/wp-json\/wp\/v2\/tags?post=55158"}],"curies":[{"name":"wp","href":"https:\/\/api.w.org\/{rel}","templated":true}]}}