{"id":55446,"date":"2023-05-12T13:33:22","date_gmt":"2023-05-12T11:33:22","guid":{"rendered":"https:\/\/ofmconv.net\/seraphicum-conferimento-dellaccolitato\/"},"modified":"2023-05-12T13:37:18","modified_gmt":"2023-05-12T11:37:18","slug":"seraphicum-conferimento-dellaccolitato","status":"publish","type":"post","link":"https:\/\/www.ofmconv.net\/pl\/seraphicum-conferimento-dellaccolitato\/","title":{"rendered":"Seraphicum: wprowadzenie w\u00a0pos\u0142ug\u0119 akolitatu"},"content":{"rendered":"<p><strong>9 maja 2023 r., podczas Mszy \u015bw. sprawowanej w kaplicy \u015bw. Bonawentury pod przewodnictwem rektora kolegium Seraphicum w Rzymie fr. Adama M\u0104CZKI, dziewi\u0119ciu profes\u00f3w czasowych ze wsp\u00f3lnoty formacyjnej zosta\u0142o wprowadzonych w pos\u0142ug\u0119 akolitatu.<\/strong><\/p>\n<p>W homilii, zwracaj\u0105c si\u0119 do kandydat\u00f3w, rektor przytoczy\u0142 fragment pierwszej redakcji <em>Listu do duchownych<\/em> \u015bw. Franciszka z Asy\u017cu. \u201eZwr\u00f3\u0107my uwag\u0119, wszyscy duchowni, na wielki grzech i nie\u015bwiadomo\u015b\u0107 niekt\u00f3rych wzgl\u0119dem Naj\u015bwi\u0119tszego Cia\u0142a i Krwi Pana naszego Jezusa Chrystusa\u201d \u2013 te s\u0142owa Biedaczyna z Asy\u017cu kieruje do tych, kt\u00f3rzy udzielaj\u0105 \u015bwi\u0119tych tajemnic, zach\u0119caj\u0105c ich do pe\u0142nienia tej pos\u0142ugi z nale\u017cyt\u0105 czci\u0105 i godnie. Akolitat jest kolejnym krokiem na drodze powo\u0142ania tych braci, kt\u00f3rzy dzi\u0119ki darowi i \u0142asce Chrystusa maj\u0105 s\u0142u\u017cy\u0107 wsp\u00f3lnocie ko\u015bcielnej, pomagaj\u0105c kap\u0142anom i diakonom w czynno\u015bciach liturgicznych.<br \/>\nPos\u0142ug\u0119 akolitatu przyj\u0119li: fr. Andr\u00e9 M. GHANAAT RAHBAR, fr. Augustine KADDU, fr. Benedict Nestory MSOFFE, fr. Moses Johnmaria FIDELIS, fr. Paul MUTAASA, fr. Ronnie KIBAGAJJO, fr. Simon Michael SHIMBE, fr. Tom\u00e1s Valerio ZEBALLO CABALLERO i fr. Vladyslav PASHAYEV.<br \/>\nNajlepsze \u017cyczenia dla nowych akolit\u00f3w! M\u00f3dlmy si\u0119 za nich oraz za wszystkich, kt\u00f3rzy rozeznaj\u0105 powo\u0142anie do kap\u0142a\u0144stwa, aby wytrwali na tej drodze.<\/p>\n<p style=\"text-align: right;\">Fr. Roberto LIGGERI<\/p>\n<p><iframe loading=\"lazy\" title=\"Seraphicum - Accolitato 2023\" width=\"696\" height=\"392\" src=\"https:\/\/www.youtube.com\/embed\/ClNbaC-dpv8?wmode=transparent&amp;rel=0&amp;feature=oembed\" frameborder=\"0\" allow=\"accelerometer; autoplay; clipboard-write; encrypted-media; gyroscope; picture-in-picture; web-share\" referrerpolicy=\"strict-origin-when-cross-origin\" allowfullscreen><\/iframe><\/p>\n","protected":false},"excerpt":{"rendered":"<p>9 maja 2023 r., podczas Mszy \u015bw. sprawowanej w kaplicy \u015bw. Bonawentury pod przewodnictwem rektora kolegium Seraphicum w Rzymie fr. Adama M\u0104CZKI, dziewi\u0119ciu profes\u00f3w czasowych ze wsp\u00f3lnoty formacyjnej zosta\u0142o wprowadzonych w pos\u0142ug\u0119 akolitatu. W homilii, zwracaj\u0105c si\u0119 do kandydat\u00f3w, rektor przytoczy\u0142 fragment pierwszej redakcji Listu do duchownych \u015bw. Franciszka z Asy\u017cu. \u201eZwr\u00f3\u0107my uwag\u0119, wszyscy duchowni, [&hellip;]<\/p>\n","protected":false},"author":1,"featured_media":55442,"comment_status":"closed","ping_status":"open","sticky":false,"template":"","format":"standard","meta":{"ngg_post_thumbnail":0,"footnotes":""},"categories":[144,149],"tags":[609,335],"class_list":["post-55446","post","type-post","status-publish","format-standard","has-post-thumbnail","category-ufficio-comunicazioni-pl","category-wiadomosci","tag-formacja","tag-seraphicum-pl"],"_links":{"self":[{"href":"https:\/\/www.ofmconv.net\/pl\/wp-json\/wp\/v2\/posts\/55446","targetHints":{"allow":["GET"]}}],"collection":[{"href":"https:\/\/www.ofmconv.net\/pl\/wp-json\/wp\/v2\/posts"}],"about":[{"href":"https:\/\/www.ofmconv.net\/pl\/wp-json\/wp\/v2\/types\/post"}],"author":[{"embeddable":true,"href":"https:\/\/www.ofmconv.net\/pl\/wp-json\/wp\/v2\/users\/1"}],"replies":[{"embeddable":true,"href":"https:\/\/www.ofmconv.net\/pl\/wp-json\/wp\/v2\/comments?post=55446"}],"version-history":[{"count":0,"href":"https:\/\/www.ofmconv.net\/pl\/wp-json\/wp\/v2\/posts\/55446\/revisions"}],"wp:featuredmedia":[{"embeddable":true,"href":"https:\/\/www.ofmconv.net\/pl\/wp-json\/wp\/v2\/media\/55442"}],"wp:attachment":[{"href":"https:\/\/www.ofmconv.net\/pl\/wp-json\/wp\/v2\/media?parent=55446"}],"wp:term":[{"taxonomy":"category","embeddable":true,"href":"https:\/\/www.ofmconv.net\/pl\/wp-json\/wp\/v2\/categories?post=55446"},{"taxonomy":"post_tag","embeddable":true,"href":"https:\/\/www.ofmconv.net\/pl\/wp-json\/wp\/v2\/tags?post=55446"}],"curies":[{"name":"wp","href":"https:\/\/api.w.org\/{rel}","templated":true}]}}