{"id":55674,"date":"2023-05-19T12:48:51","date_gmt":"2023-05-19T10:48:51","guid":{"rendered":"https:\/\/ofmconv.net\/centro-missionario-incontri-per-i-formandi-fimp\/"},"modified":"2023-05-19T12:52:03","modified_gmt":"2023-05-19T10:52:03","slug":"centro-missionario-incontri-per-i-formandi-fimp","status":"publish","type":"post","link":"https:\/\/www.ofmconv.net\/pl\/centro-missionario-incontri-per-i-formandi-fimp\/","title":{"rendered":"Centrum Misyjne: spotkania dla braci odbywaj\u0105cych formacj\u0119 pocz\u0105tkow\u0105"},"content":{"rendered":"<p><strong>W dniach 12 i 16 maja 2023 r. Franciszka\u0144skie Centrum Misyjne FIMP (Federazione Intermediterranea Ministri Provinciali) zorganizowa\u0142o spotkanie z nowicjuszami w \u015awi\u0119tym Konwencie w Asy\u017cu, z klerykami w klasztorze w Rivotorto i z postulantami w postulacie \u015bw. J\u00f3zefa z Kupertynu w Osimo.<\/strong><\/p>\n<p>Inicjatywa umiejscawia si\u0119 na drodze animacji misyjnej dla kandydat\u00f3w do Zakonu w ich procesie formacyjnym, aby zwi\u0119kszy\u0107 ducha misyjnego <em>ad intra<\/em> i <em>ad extra<\/em> w ich \u017cyciu osobistym i w praktyce duszpasterskiej podejmowanej w parafiach i o\u015brodkach ko\u015bcielnych.<br \/>\nDyrektor centrum fr. Paolo FIASCONARO zach\u0119ci\u0142 uczestnik\u00f3w do odczytania i pog\u0142\u0119bienia adhortacji apostolskiej papie\u017ca Franciszka <em>Evangelii gaudium<\/em>, kt\u00f3rej 10. rocznica og\u0142oszenia przypada w tym roku (24 listopada 2013 r.). Dokument ten wyznacza program duszpasterski papie\u017ca Bergoglio, kt\u00f3ry zmieni\u0142 oblicze Ko\u015bcio\u0142a wezwanego do misyjnego nawr\u00f3cenia w ka\u017cdym dzia\u0142aniu duszpasterskim i w samych strukturach ko\u015bcielnych, a tak\u017ce wyry\u0142 g\u0142\u0119boki \u015blad na przysz\u0142ej drodze Ko\u015bcio\u0142a.<br \/>\nM\u00f3wca zilustrowa\u0142 tak\u017ce \u017cycie i dzia\u0142alno\u015b\u0107 centrum misyjnego, kt\u00f3re ka\u017cdego dnia prowadzi dialog ze wszystkimi misjami Zakonu obecnymi w 40 krajach na ca\u0142ym \u015bwiecie. Wyja\u015bni\u0142, w jaki spos\u00f3b odbywa si\u0119 sk\u0142adanie wniosk\u00f3w i finansowanie projekt\u00f3w misyjnych oraz kontakt za po\u015brednictwem \u015brodk\u00f3w komunikacji (czasopismo <em>Il Missionario Francescano<\/em> i agencja prasowa <em>MissioConvInforma<\/em>), przekazuj\u0105cych informacje dobroczy\u0144com, wsp\u00f3lnotom braci, parafiom i innym strukturom ko\u015bcielnym.<br \/>\nPoinformowa\u0142 r\u00f3wnie\u017c o misyjnym prze\u0142omie w Zakonie, rozpocz\u0119tym w minionym wieku wraz z otwarciem plac\u00f3wek misyjnych: w 1925 r. w Chinach, w 1930 r. w Japonii przez \u015bw. Maksymiliana Kolbego, w 1931 r. w Zambii przez naszego wsp\u00f3\u0142brata bp. Francesco MAZZIERI. W ostatnich czterdziestu latach XX wieku otwarto 35 o\u015brodk\u00f3w misyjnych na pi\u0119ciu kontynentach.<br \/>\nNa zako\u0144czenie spotka\u0144 wy\u015bwietlono dwa kr\u00f3tkie filmy dokumentalne, opowiadaj\u0105ce o 90-leciu czasopisma <em>Il Missionario Francescano<\/em> (1933-2023) oraz o misji prowadzonej od siedmiu lat na nabrze\u017cach Tybru w okresie letnim.<br \/>\nTrzej wychowawcy: fr. Vincenzo ESPOSITO, fr. Antonio PARISI i fr. Lucio MASSACESI, wyrazili wdzi\u0119czno\u015b\u0107 za rozbudzenie w m\u0142odzie\u017cy ducha misyjnego i pragnienia wi\u0119kszego zaanga\u017cowania w codzienne \u017cycie otwarte na nawr\u00f3cenie misyjne.<br \/>\nWkr\u00f3tce dyrektor poprowadzi spotkanie ze wsp\u00f3\u0142bra\u0107mi w klasztorze \u015bw. Antoniego w Rzymie (\u201eVigna\u201d), a w pa\u017adzierniku 2023 r. z klerykami mi\u0119dzynarodowego kolegium Seraphicum.<\/p>\n<p style=\"text-align: right;\">Fr. Paolo FIASCONARO, dyrektor centrum misyjnego<\/p>\nngg_shortcode_0_placeholder\n","protected":false},"excerpt":{"rendered":"<p>W dniach 12 i 16 maja 2023 r. Franciszka\u0144skie Centrum Misyjne FIMP (Federazione Intermediterranea Ministri Provinciali) zorganizowa\u0142o spotkanie z nowicjuszami w \u015awi\u0119tym Konwencie w Asy\u017cu, z klerykami w klasztorze w Rivotorto i z postulantami w postulacie \u015bw. J\u00f3zefa z Kupertynu w Osimo. Inicjatywa umiejscawia si\u0119 na drodze animacji misyjnej dla kandydat\u00f3w do Zakonu w ich [&hellip;]<\/p>\n","protected":false},"author":1,"featured_media":55670,"comment_status":"closed","ping_status":"open","sticky":false,"template":"","format":"standard","meta":{"ngg_post_thumbnail":0,"footnotes":""},"categories":[131,118,149],"tags":[815,609],"class_list":["post-55674","post","type-post","status-publish","format-standard","has-post-thumbnail","category-federacje","category-fimp-pl","category-wiadomosci","tag-centrum-misyjne","tag-formacja"],"_links":{"self":[{"href":"https:\/\/www.ofmconv.net\/pl\/wp-json\/wp\/v2\/posts\/55674","targetHints":{"allow":["GET"]}}],"collection":[{"href":"https:\/\/www.ofmconv.net\/pl\/wp-json\/wp\/v2\/posts"}],"about":[{"href":"https:\/\/www.ofmconv.net\/pl\/wp-json\/wp\/v2\/types\/post"}],"author":[{"embeddable":true,"href":"https:\/\/www.ofmconv.net\/pl\/wp-json\/wp\/v2\/users\/1"}],"replies":[{"embeddable":true,"href":"https:\/\/www.ofmconv.net\/pl\/wp-json\/wp\/v2\/comments?post=55674"}],"version-history":[{"count":0,"href":"https:\/\/www.ofmconv.net\/pl\/wp-json\/wp\/v2\/posts\/55674\/revisions"}],"wp:featuredmedia":[{"embeddable":true,"href":"https:\/\/www.ofmconv.net\/pl\/wp-json\/wp\/v2\/media\/55670"}],"wp:attachment":[{"href":"https:\/\/www.ofmconv.net\/pl\/wp-json\/wp\/v2\/media?parent=55674"}],"wp:term":[{"taxonomy":"category","embeddable":true,"href":"https:\/\/www.ofmconv.net\/pl\/wp-json\/wp\/v2\/categories?post=55674"},{"taxonomy":"post_tag","embeddable":true,"href":"https:\/\/www.ofmconv.net\/pl\/wp-json\/wp\/v2\/tags?post=55674"}],"curies":[{"name":"wp","href":"https:\/\/api.w.org\/{rel}","templated":true}]}}