{"id":55835,"date":"2023-05-24T13:43:13","date_gmt":"2023-05-24T11:43:13","guid":{"rendered":"https:\/\/ofmconv.net\/sicilia-weekend-di-francescanesimo\/"},"modified":"2023-05-24T13:46:22","modified_gmt":"2023-05-24T11:46:22","slug":"sicilia-weekend-di-francescanesimo","status":"publish","type":"post","link":"https:\/\/www.ofmconv.net\/pl\/sicilia-weekend-di-francescanesimo\/","title":{"rendered":"Sycylia: weekend z\u00a0franciszkanizmem"},"content":{"rendered":"<p><strong><em>Si\u0142a wci\u0105\u017c \u017cywego charyzmatu: duch Franciszka z Asy\u017cu, pami\u0119\u0107, towarzyszenie i proroctwo<\/em> \u2013 tak brzmia\u0142 temat weekendu z franciszkanizmem, zorganizowanego przez komisj\u0119 ds. formacji, ewangelizacji i promocji duchowo\u015bci i kultury franciszka\u0144skiej dzia\u0142aj\u0105c\u0105 w prowincji \u015bwi\u0119tych Agaty i \u0141ucji we W\u0142oszech (Sycylia).<\/strong><\/p>\n<p>Spotkanie, podczas kt\u00f3rego prelegentem by\u0142 bp Calogero PERI z Caltagirone, odby\u0142o si\u0119 w dniach 20-21 maja 2023 r. w oazie franciszka\u0144skiej \u201eMadonnina del Lago\u201d w Pergusa.<br \/>\nWeekend wpisuje si\u0119 w obchody jubileuszowe, kt\u00f3re ca\u0142a rodzina franciszka\u0144ska prze\u017cywa w tych latach, i staje si\u0119 okazj\u0105 do coraz lepszego poznawania postaci naszego serafickiego ojca \u015bw. Franciszka. Ale nie tylko. Dzi\u0119ki konferencji bp. PERI wsp\u00f3\u0142bracia mogli zastanowi\u0107 si\u0119 nad tym, jak to samo do\u015bwiadczenie mo\u017ce by\u0107 prze\u017cywane dzisiaj, po o\u015bmiuset latach, poniewa\u017c do\u015bwiadczenie Franciszka i niezliczonych franciszka\u0144skich braci i \u015bwieckich nie jest dzie\u0142em samego cz\u0142owieka, ale charyzmatem pochodz\u0105cym od Boga, kt\u00f3ry prosi cz\u0142owieka o zaufanie i wsp\u00f3\u0142prac\u0119 z Nim.<br \/>\nBp PERI zaproponowa\u0142 dwa zasadnicze elementy duchowo\u015bci franciszka\u0144skiej. Jednym jest odczytanie \u017cycia Franciszka wed\u0142ug logiki paschalnej, przej\u015bcie od \u017cycia czysto ludzkiego do \u017cycia, w kt\u00f3rym dzia\u0142a przede wszystkim B\u00f3g. Drugim elementem jest relacja. Franciszek do\u015bwiadcza ca\u0142kowicie nowej logiki \u017cycia, danego mu przez zbawienie dokonane przez Jezusa Chrystusa, i jako odkupiony cz\u0142owiek prze\u017cywa relacje z Bogiem, z innymi, ze \u015bwiatem i z samym sob\u0105 zgodnie z Boskim wzorem, nie b\u0119d\u0105c ju\u017c dawnym cz\u0142owiekiem zanurzonym we w\u0142asnym egoizmie.<br \/>\nBy\u0142y to po\u017cyteczne i owocne dni dla wszystkich uczestnik\u00f3w, mimo \u017ce by\u0142o zimno i pochmurnie. Coraz g\u0142\u0119bsze poznawanie ducha Franciszka z Asy\u017cu jest tym, co mo\u017ce wzbudzi\u0107 now\u0105 wiosn\u0119 w Ko\u015bciele, poniewa\u017c ziarna tego nowego \u017cycia, kt\u00f3rym \u017cy\u0142 Franciszek, zosta\u0142y ju\u017c zasiane w ka\u017cdym z nas: od nas zale\u017cy, czy b\u0119d\u0105 ros\u0142y pod Bo\u017c\u0105 opiek\u0105.<\/p>\n<p style=\"text-align: right;\">Fr. Rosario TERRANOVA, sekretarz prowincji<\/p>\nngg_shortcode_0_placeholder\n","protected":false},"excerpt":{"rendered":"<p>Si\u0142a wci\u0105\u017c \u017cywego charyzmatu: duch Franciszka z Asy\u017cu, pami\u0119\u0107, towarzyszenie i proroctwo \u2013 tak brzmia\u0142 temat weekendu z franciszkanizmem, zorganizowanego przez komisj\u0119 ds. formacji, ewangelizacji i promocji duchowo\u015bci i kultury franciszka\u0144skiej dzia\u0142aj\u0105c\u0105 w prowincji \u015bwi\u0119tych Agaty i \u0141ucji we W\u0142oszech (Sycylia). Spotkanie, podczas kt\u00f3rego prelegentem by\u0142 bp Calogero PERI z Caltagirone, odby\u0142o si\u0119 w dniach [&hellip;]<\/p>\n","protected":false},"author":1,"featured_media":55831,"comment_status":"closed","ping_status":"open","sticky":false,"template":"","format":"standard","meta":{"ngg_post_thumbnail":0,"footnotes":""},"categories":[131,118,149],"tags":[1916],"class_list":["post-55835","post","type-post","status-publish","format-standard","has-post-thumbnail","category-federacje","category-fimp-pl","category-wiadomosci","tag-wlochy-sycylia"],"_links":{"self":[{"href":"https:\/\/www.ofmconv.net\/pl\/wp-json\/wp\/v2\/posts\/55835","targetHints":{"allow":["GET"]}}],"collection":[{"href":"https:\/\/www.ofmconv.net\/pl\/wp-json\/wp\/v2\/posts"}],"about":[{"href":"https:\/\/www.ofmconv.net\/pl\/wp-json\/wp\/v2\/types\/post"}],"author":[{"embeddable":true,"href":"https:\/\/www.ofmconv.net\/pl\/wp-json\/wp\/v2\/users\/1"}],"replies":[{"embeddable":true,"href":"https:\/\/www.ofmconv.net\/pl\/wp-json\/wp\/v2\/comments?post=55835"}],"version-history":[{"count":0,"href":"https:\/\/www.ofmconv.net\/pl\/wp-json\/wp\/v2\/posts\/55835\/revisions"}],"wp:featuredmedia":[{"embeddable":true,"href":"https:\/\/www.ofmconv.net\/pl\/wp-json\/wp\/v2\/media\/55831"}],"wp:attachment":[{"href":"https:\/\/www.ofmconv.net\/pl\/wp-json\/wp\/v2\/media?parent=55835"}],"wp:term":[{"taxonomy":"category","embeddable":true,"href":"https:\/\/www.ofmconv.net\/pl\/wp-json\/wp\/v2\/categories?post=55835"},{"taxonomy":"post_tag","embeddable":true,"href":"https:\/\/www.ofmconv.net\/pl\/wp-json\/wp\/v2\/tags?post=55835"}],"curies":[{"name":"wp","href":"https:\/\/api.w.org\/{rel}","templated":true}]}}