{"id":56154,"date":"2023-05-31T14:07:47","date_gmt":"2023-05-31T12:07:47","guid":{"rendered":"https:\/\/ofmconv.net\/spagna-ordinazione-diaconale\/"},"modified":"2023-05-31T14:10:48","modified_gmt":"2023-05-31T12:10:48","slug":"spagna-ordinazione-diaconale","status":"publish","type":"post","link":"https:\/\/www.ofmconv.net\/pl\/spagna-ordinazione-diaconale\/","title":{"rendered":"Hiszpania: \u015bwi\u0119cenia diakonatu"},"content":{"rendered":"<p><strong>27 maja 2023 r., w wigili\u0119 uroczysto\u015bci Zes\u0142ania Ducha \u015awi\u0119tego, fr. Alejandro M. ALDAVERO ROMERO z prowincji Naszej Pani z Montserrat w Hiszpanii zosta\u0142 wy\u015bwi\u0119cony na diakona w parafii \u015bw. Franciszka z Asy\u017cu w Valladolid.<\/strong><\/p>\n<p>Mszy \u015bw. przewodniczy\u0142 abp Luis ARG\u00dcELLO GARC\u00cdA, arcybiskup Valladolid, a w\u015br\u00f3d koncelebrans\u00f3w by\u0142o wielu kap\u0142an\u00f3w, w tym minister prowincjalny fr. Juan Antonio AD\u00c1NEZ SILV\u00c1N, wsp\u00f3\u0142bracia z prowincji, zakonnicy z r\u00f3\u017cnych zakon\u00f3w, duchowie\u0144stwo diecezjalne z Madrytu i Valladolid.<br \/>\nW homilii arcybiskup podkre\u015bli\u0142 g\u0142\u0119bokie znaczenie daru pos\u0142ugi diako\u0144skiej w kontek\u015bcie uroczysto\u015bci Zes\u0142ania Ducha \u015awi\u0119tego, \u201ekt\u00f3ra m\u00f3wi nam o tajemnicy Ko\u015bcio\u0142a jako komunii mi\u0142o\u015bci i wzajemnej s\u0142u\u017cby\u201d. Przypomnia\u0142, \u017ce \u201eDuch \u015awi\u0119ty, zamieszkuj\u0105c w nas od dnia naszego chrztu i wyciskaj\u0105c jeszcze g\u0142\u0119biej swoje znami\u0119 w sakramencie bierzmowania, kszta\u0142tuje w nas te same uczucia Chrystusa, kt\u00f3ry nie przyszed\u0142, aby Mu s\u0142u\u017cono, ale aby s\u0142u\u017cy\u0107 i odda\u0107 swoje \u017cycie za braci\u201d. S\u0142owa arcybiskupa, pe\u0142ne uznania i sympatii dla charyzmatu \u015bw. Franciszka oraz dla misji jego syn\u00f3w w mie\u015bcie Valladolid poprzez nasz\u0105 obecno\u015b\u0107 w parafii i w szkole, by\u0142y zach\u0119t\u0105 dla wszystkich obecnych, zw\u0142aszcza dla wsp\u00f3\u0142brata przyjmuj\u0105cego diakonat, do na\u015bladowania przyk\u0142adu \u015bwi\u0119tego z Asy\u017cu, \u017cyj\u0105c jako bracia mniejsi i s\u0142u\u017c\u0105c wszystkim z mi\u0142o\u015bci, zw\u0142aszcza najbiedniejszym.<br \/>\nNa zako\u0144czenie uroczysto\u015bci minister prowincjalny przypomnia\u0142, \u017ce \u201eto dziwne s\u0142owo, tak rzadko u\u017cywane, \u00abdiakonia\u00bb, jest w rzeczywisto\u015bci zwornikiem naszego powo\u0142ania i misji w Ko\u015bciele jako syn\u00f3w i braci \u015bw. Franciszka: by\u0107 u st\u00f3p wszystkich, s\u0142u\u017c\u0105c z prostot\u0105 i pokor\u0105\u201d.<br \/>\nNowy diakon przebywa obecnie w klasztorze \u015bw. Franciszka w Valladolid, gdzie \u0142\u0105czy \u017cycie braterskie, studia i pos\u0142ug\u0119 w parafii i szkole, kt\u00f3r\u0105 Zakon prowadzi od ponad 50 lat.<br \/>\nDzi\u0119kujemy Bogu za nowego szafarza s\u0142owa, liturgii i mi\u0142o\u015bci. I prosimy Pana \u017cniwa, aby pob\u0142ogos\u0142awi\u0142 prowincj\u0119 w Hiszpanii i ca\u0142y Zakon, posy\u0142aj\u0105c nowych braci.<\/p>\n<p style=\"text-align: right;\">Biuro ds. komunikacji prowincji hiszpa\u0144skiej<\/p>\nngg_shortcode_0_placeholder\n","protected":false},"excerpt":{"rendered":"<p>27 maja 2023 r., w wigili\u0119 uroczysto\u015bci Zes\u0142ania Ducha \u015awi\u0119tego, fr. Alejandro M. ALDAVERO ROMERO z prowincji Naszej Pani z Montserrat w Hiszpanii zosta\u0142 wy\u015bwi\u0119cony na diakona w parafii \u015bw. Franciszka z Asy\u017cu w Valladolid. Mszy \u015bw. przewodniczy\u0142 abp Luis ARG\u00dcELLO GARC\u00cdA, arcybiskup Valladolid, a w\u015br\u00f3d koncelebrans\u00f3w by\u0142o wielu kap\u0142an\u00f3w, w tym minister prowincjalny fr. [&hellip;]<\/p>\n","protected":false},"author":1,"featured_media":56150,"comment_status":"closed","ping_status":"open","sticky":false,"template":"","format":"standard","meta":{"ngg_post_thumbnail":0,"footnotes":""},"categories":[131,118,149],"tags":[897,1002],"class_list":["post-56154","post","type-post","status-publish","format-standard","has-post-thumbnail","category-federacje","category-fimp-pl","category-wiadomosci","tag-hiszpania","tag-swiecenia-diakonatu"],"_links":{"self":[{"href":"https:\/\/www.ofmconv.net\/pl\/wp-json\/wp\/v2\/posts\/56154","targetHints":{"allow":["GET"]}}],"collection":[{"href":"https:\/\/www.ofmconv.net\/pl\/wp-json\/wp\/v2\/posts"}],"about":[{"href":"https:\/\/www.ofmconv.net\/pl\/wp-json\/wp\/v2\/types\/post"}],"author":[{"embeddable":true,"href":"https:\/\/www.ofmconv.net\/pl\/wp-json\/wp\/v2\/users\/1"}],"replies":[{"embeddable":true,"href":"https:\/\/www.ofmconv.net\/pl\/wp-json\/wp\/v2\/comments?post=56154"}],"version-history":[{"count":0,"href":"https:\/\/www.ofmconv.net\/pl\/wp-json\/wp\/v2\/posts\/56154\/revisions"}],"wp:featuredmedia":[{"embeddable":true,"href":"https:\/\/www.ofmconv.net\/pl\/wp-json\/wp\/v2\/media\/56150"}],"wp:attachment":[{"href":"https:\/\/www.ofmconv.net\/pl\/wp-json\/wp\/v2\/media?parent=56154"}],"wp:term":[{"taxonomy":"category","embeddable":true,"href":"https:\/\/www.ofmconv.net\/pl\/wp-json\/wp\/v2\/categories?post=56154"},{"taxonomy":"post_tag","embeddable":true,"href":"https:\/\/www.ofmconv.net\/pl\/wp-json\/wp\/v2\/tags?post=56154"}],"curies":[{"name":"wp","href":"https:\/\/api.w.org\/{rel}","templated":true}]}}