{"id":56389,"date":"2023-06-07T13:14:28","date_gmt":"2023-06-07T11:14:28","guid":{"rendered":"https:\/\/ofmconv.net\/argentina-professione-solenne-2023\/"},"modified":"2023-06-07T13:17:17","modified_gmt":"2023-06-07T11:17:17","slug":"argentina-professione-solenne-2023","status":"publish","type":"post","link":"https:\/\/www.ofmconv.net\/pl\/argentina-professione-solenne-2023\/","title":{"rendered":"Argentyna: profesja solemna"},"content":{"rendered":"<p><strong>Dla rodziny franciszka\u0144skiej i dla ca\u0142ego Ko\u015bcio\u0142a powo\u0142anie do radykalnego \u017cycia Ewangeli\u0105 jest wielkim darem Boga, zw\u0142aszcza gdy jest ono potwierdzone \u201ena ca\u0142e \u017cycie\u201d.<\/strong><\/p>\n<p>27 maja 2023 r., w wigili\u0119 uroczysto\u015bci Zes\u0142ania Ducha \u015awi\u0119tego, w parafii Niepokalanego Pocz\u0119cia Maryi w Jos\u00e9 Le\u00f3n Su\u00e1rez, departament General San Mart\u00edn, Buenos Aires (Argentyna), powierzonej prowincji \u201eRioplatense\u201d \u015bw. Antoniego z Padwy w Argentynie i Urugwaju, mia\u0142a miejsce profesja solemna naszego wsp\u00f3\u0142brata fr. Maximiliano Dar\u00edo GONZ\u00c1LEZ.<br \/>\nTak jak Franciszek z Asy\u017cu i inni bracia przebyli pewn\u0105 drog\u0119, aby ca\u0142kowicie po\u015bwi\u0119ci\u0107 si\u0119 Bogu, tak te\u017c nasz wsp\u00f3\u0142brat kroczy\u0142 t\u0105 drog\u0105 poprzez r\u00f3\u017cne etapy formacji zakonnej. Krok, kt\u00f3ry w\u0142a\u015bnie uczyni\u0142, nie jest ko\u0144cem w\u0119dr\u00f3wki, ale pe\u0142nym potwierdzeniem i decyzj\u0105, by przez ca\u0142e \u017cycie i\u015b\u0107 \u015bladami Jezusa za przyk\u0142adem \u015bw. Franciszka.<br \/>\nUroczysto\u015bci z\u0142o\u017cenia \u015blub\u00f3w przewodniczy\u0142 minister prowincjalny fr. Javier Alberto FONTANA, a wzi\u0119\u0142o w niej udzia\u0142 wielu wsp\u00f3\u0142braci z ca\u0142ej prowincji, rodzina neoprofesa oraz wsp\u00f3lnota parafialna, kt\u00f3ra towarzyszy\u0142a mu w jego duchowym wzro\u015bcie podczas procesu formacji i wst\u0105pienia do Zakonu.<br \/>\nPo zako\u0144czeniu liturgii odby\u0142a si\u0119 braterska agapa, b\u0119d\u0105ca przed\u0142u\u017ceniem \u015bwi\u0119towania i dzielenia si\u0119 rado\u015bci\u0105.<br \/>\nWdzi\u0119czno\u015b\u0107 nale\u017cy si\u0119 wszystkim, kt\u00f3rzy w jakikolwiek spos\u00f3b w\u0142\u0105czyli si\u0119 w uroczysto\u015b\u0107 i u\u015bwietnili jej przebieg. Polecamy naszego brata modlitwom wszystkich, aby po\u015bwi\u0119cenie jego \u017cycia by\u0142o wiernym \u015bwiadectwem Ewangelii, jak g\u0142osi\u0142 swoim \u017cyciem nasz seraficki ojciec \u015bw. Franciszek.<\/p>\n<p style=\"text-align: right;\">Fr. Javier A. FONTANA<\/p>\nngg_shortcode_0_placeholder\n","protected":false},"excerpt":{"rendered":"<p>Dla rodziny franciszka\u0144skiej i dla ca\u0142ego Ko\u015bcio\u0142a powo\u0142anie do radykalnego \u017cycia Ewangeli\u0105 jest wielkim darem Boga, zw\u0142aszcza gdy jest ono potwierdzone \u201ena ca\u0142e \u017cycie\u201d. 27 maja 2023 r., w wigili\u0119 uroczysto\u015bci Zes\u0142ania Ducha \u015awi\u0119tego, w parafii Niepokalanego Pocz\u0119cia Maryi w Jos\u00e9 Le\u00f3n Su\u00e1rez, departament General San Mart\u00edn, Buenos Aires (Argentyna), powierzonej prowincji \u201eRioplatense\u201d \u015bw. Antoniego [&hellip;]<\/p>\n","protected":false},"author":1,"featured_media":56385,"comment_status":"closed","ping_status":"open","sticky":false,"template":"","format":"standard","meta":{"ngg_post_thumbnail":0,"footnotes":""},"categories":[108,131,149],"tags":[1894,1195],"class_list":["post-56389","post","type-post","status-publish","format-standard","has-post-thumbnail","category-falc-pl","category-federacje","category-wiadomosci","tag-argentyna","tag-sluby-wieczyste"],"_links":{"self":[{"href":"https:\/\/www.ofmconv.net\/pl\/wp-json\/wp\/v2\/posts\/56389","targetHints":{"allow":["GET"]}}],"collection":[{"href":"https:\/\/www.ofmconv.net\/pl\/wp-json\/wp\/v2\/posts"}],"about":[{"href":"https:\/\/www.ofmconv.net\/pl\/wp-json\/wp\/v2\/types\/post"}],"author":[{"embeddable":true,"href":"https:\/\/www.ofmconv.net\/pl\/wp-json\/wp\/v2\/users\/1"}],"replies":[{"embeddable":true,"href":"https:\/\/www.ofmconv.net\/pl\/wp-json\/wp\/v2\/comments?post=56389"}],"version-history":[{"count":0,"href":"https:\/\/www.ofmconv.net\/pl\/wp-json\/wp\/v2\/posts\/56389\/revisions"}],"wp:featuredmedia":[{"embeddable":true,"href":"https:\/\/www.ofmconv.net\/pl\/wp-json\/wp\/v2\/media\/56385"}],"wp:attachment":[{"href":"https:\/\/www.ofmconv.net\/pl\/wp-json\/wp\/v2\/media?parent=56389"}],"wp:term":[{"taxonomy":"category","embeddable":true,"href":"https:\/\/www.ofmconv.net\/pl\/wp-json\/wp\/v2\/categories?post=56389"},{"taxonomy":"post_tag","embeddable":true,"href":"https:\/\/www.ofmconv.net\/pl\/wp-json\/wp\/v2\/tags?post=56389"}],"curies":[{"name":"wp","href":"https:\/\/api.w.org\/{rel}","templated":true}]}}