{"id":57346,"date":"2023-07-10T13:42:10","date_gmt":"2023-07-10T11:42:10","guid":{"rendered":"https:\/\/ofmconv.net\/nuovo-cardinale-ofmconv-fra-francois-xavier-bustillo\/"},"modified":"2023-07-10T13:44:29","modified_gmt":"2023-07-10T11:44:29","slug":"nuovo-cardinale-ofmconv-fra-francois-xavier-bustillo","status":"publish","type":"post","link":"https:\/\/www.ofmconv.net\/pl\/nuovo-cardinale-ofmconv-fra-francois-xavier-bustillo\/","title":{"rendered":"Bp Fran\u00e7ois-Xavier BUSTILLO\u00a0OFMConv nowym kardyna\u0142em franciszka\u0144skim"},"content":{"rendered":"<p><strong>Podczas modlitwy Anio\u0142 Pa\u0144ski w niedziel\u0119 9 lipca 2023 r. papie\u017c Franciszek og\u0142osi\u0142, \u017ce na konsystorzu w dniu 30 wrze\u015bnia kreuje 21 nowych kardyna\u0142\u00f3w, a w\u015br\u00f3d nich naszego wsp\u00f3\u0142brata bp. Fran\u00e7ois-Xavier BUSTILLO, ordynariusza diecezji Ajaccio na Korsyce we Francji.<\/strong><\/p>\n<p>Nowo mianowany kardyna\u0142 urodzi\u0142 si\u0119 23 listopada 1968 r. w Pampelunie w Hiszpanii. Wst\u0105pi\u0142 do ni\u017cszego seminarium duchownego w Baztan, a nast\u0119pnie rozpocz\u0105\u0142 postulat w Padwie (W\u0142ochy), gdzie uko\u0144czy\u0142 studia filozoficzno-teologiczne w Instytucie Teologicznym \u015aw. Antoniego Doktora. W 1997 r. uzyska\u0142 licencjat z teologii w Instytucie Katolickim w Tuluzie we Francji. Profesj\u0119 czasow\u0105 z\u0142o\u017cy\u0142 12 wrze\u015bnia 1987 r., a profesj\u0119 wieczyst\u0105 20 wrze\u015bnia 1992 r. \u015awi\u0119cenia kap\u0142a\u0144skie przyj\u0105\u0142 10 wrze\u015bnia 1994 r.<br \/>\nBy\u0142 kolejno gwardianem klasztoru w Narbonne (1994-2018), proboszczem parafii \u015bw. Bonawentury w Narbonne (1994-2007), kustoszem prowincjalnym kustodii \u015bw. Bonawentury we Francji i Belgii (2006-2018), proboszczem-moderatorem zespo\u0142u duszpasterskiego Sainte-Croix en Narbonnais i cz\u0142onkiem rady kap\u0142a\u0144skiej diecezji Carcassonne i Narbonne (2007-2018), wikariuszem biskupim dla Narbonnais-Corbi\u00e8res, delegatem ds. nowych ruch\u00f3w duchowo\u015bci i dialogu mi\u0119dzyreligijnego (2012-2018). Od 2018 r. by\u0142 gwardianem klasztoru \u015bw. Maksymiliana Kolbego w Lourdes. 13 czerwca 2021 r. przyj\u0105\u0142 sakr\u0119 biskupi\u0105 w katedrze NMP Wniebowzi\u0119tej w Ajaccio.<\/p>\n<p style=\"text-align: right;\">Biuro ds. komunikacji<\/p>\n<p><a href=\"https:\/\/ofmconv.net\/wp-content\/uploads\/2023\/07\/bustillo-02.jpg\"><img loading=\"lazy\" decoding=\"async\" class=\"aligncenter size-full wp-image-57332\" src=\"https:\/\/ofmconv.net\/wp-content\/uploads\/2023\/07\/bustillo-02.jpg\" alt=\"Fra Fran\u00e7ois-Xavier BUSTILLO\" width=\"1200\" height=\"800\" srcset=\"https:\/\/www.ofmconv.net\/wp-content\/uploads\/2023\/07\/bustillo-02.jpg 1200w, https:\/\/www.ofmconv.net\/wp-content\/uploads\/2023\/07\/bustillo-02-300x200.jpg 300w, https:\/\/www.ofmconv.net\/wp-content\/uploads\/2023\/07\/bustillo-02-1024x683.jpg 1024w, https:\/\/www.ofmconv.net\/wp-content\/uploads\/2023\/07\/bustillo-02-768x512.jpg 768w, https:\/\/www.ofmconv.net\/wp-content\/uploads\/2023\/07\/bustillo-02-696x464.jpg 696w, https:\/\/www.ofmconv.net\/wp-content\/uploads\/2023\/07\/bustillo-02-1068x712.jpg 1068w, https:\/\/www.ofmconv.net\/wp-content\/uploads\/2023\/07\/bustillo-02-630x420.jpg 630w\" sizes=\"auto, (max-width: 1200px) 100vw, 1200px\" \/><\/a><\/p>\n","protected":false},"excerpt":{"rendered":"<p>Podczas modlitwy Anio\u0142 Pa\u0144ski w niedziel\u0119 9 lipca 2023 r. papie\u017c Franciszek og\u0142osi\u0142, \u017ce na konsystorzu w dniu 30 wrze\u015bnia kreuje 21 nowych kardyna\u0142\u00f3w, a w\u015br\u00f3d nich naszego wsp\u00f3\u0142brata bp. Fran\u00e7ois-Xavier BUSTILLO, ordynariusza diecezji Ajaccio na Korsyce we Francji. Nowo mianowany kardyna\u0142 urodzi\u0142 si\u0119 23 listopada 1968 r. w Pampelunie w Hiszpanii. Wst\u0105pi\u0142 do ni\u017cszego [&hellip;]<\/p>\n","protected":false},"author":1,"featured_media":57342,"comment_status":"closed","ping_status":"open","sticky":false,"template":"","format":"standard","meta":{"ngg_post_thumbnail":0,"footnotes":""},"categories":[144,149],"tags":[2515],"class_list":["post-57346","post","type-post","status-publish","format-standard","has-post-thumbnail","category-ufficio-comunicazioni-pl","category-wiadomosci","tag-francois-xavier-bustillo-pl"],"_links":{"self":[{"href":"https:\/\/www.ofmconv.net\/pl\/wp-json\/wp\/v2\/posts\/57346","targetHints":{"allow":["GET"]}}],"collection":[{"href":"https:\/\/www.ofmconv.net\/pl\/wp-json\/wp\/v2\/posts"}],"about":[{"href":"https:\/\/www.ofmconv.net\/pl\/wp-json\/wp\/v2\/types\/post"}],"author":[{"embeddable":true,"href":"https:\/\/www.ofmconv.net\/pl\/wp-json\/wp\/v2\/users\/1"}],"replies":[{"embeddable":true,"href":"https:\/\/www.ofmconv.net\/pl\/wp-json\/wp\/v2\/comments?post=57346"}],"version-history":[{"count":0,"href":"https:\/\/www.ofmconv.net\/pl\/wp-json\/wp\/v2\/posts\/57346\/revisions"}],"wp:featuredmedia":[{"embeddable":true,"href":"https:\/\/www.ofmconv.net\/pl\/wp-json\/wp\/v2\/media\/57342"}],"wp:attachment":[{"href":"https:\/\/www.ofmconv.net\/pl\/wp-json\/wp\/v2\/media?parent=57346"}],"wp:term":[{"taxonomy":"category","embeddable":true,"href":"https:\/\/www.ofmconv.net\/pl\/wp-json\/wp\/v2\/categories?post=57346"},{"taxonomy":"post_tag","embeddable":true,"href":"https:\/\/www.ofmconv.net\/pl\/wp-json\/wp\/v2\/tags?post=57346"}],"curies":[{"name":"wp","href":"https:\/\/api.w.org\/{rel}","templated":true}]}}