{"id":57599,"date":"2023-07-17T13:03:38","date_gmt":"2023-07-17T11:03:38","guid":{"rendered":"https:\/\/ofmconv.net\/argentina-incontro-mirefalc\/"},"modified":"2023-07-17T13:07:21","modified_gmt":"2023-07-17T11:07:21","slug":"argentina-incontro-mirefalc","status":"publish","type":"post","link":"https:\/\/www.ofmconv.net\/pl\/argentina-incontro-mirefalc\/","title":{"rendered":"Argentyna: spotkanie MiReFALC"},"content":{"rendered":"<p><strong>\u201ePos\u0142uga refleksji Federaci\u00f3n Am\u00e9rica Latina Conventuales\u201d (MiReFALC) jest inicjatyw\u0105 braci mniejszych konwentualnych w Ameryce \u0141aci\u0144skiej i ma na celu, w ramach bogatej tradycji intelektualnej Zakonu, zaoferowanie inspiruj\u0105cej odpowiedzi na realia i potrzeby wsp\u00f3\u0142czesno\u015bci.<\/strong><\/p>\n<p>Od 2007 r. celem MiReFALC jest oferowanie braciom z Ameryki \u0141aci\u0144skiej wynik\u00f3w ich spotka\u0144 poprzez publikowane teksty, odzwierciedlaj\u0105ce nie tylko indywidualne przemy\u015blenia uczestnik\u00f3w tej grupy, ale tak\u017ce dialog, kt\u00f3ry inspiruje, koryguje i pobudza do nowej i pe\u0142niejszej wizji rzeczywisto\u015bci. Spotkania te zosta\u0142y zaprezentowane w kilku numerach czasopisma Decires, kt\u00f3re ukazywa\u0142o si\u0119 w formie papierowej i cyfrowej do 2016 r.<br \/>\nW dniach 10-14 lipca 2023 r., odpowiadaj\u0105c na apel FALC, spotkali si\u0119 w siedzibie kurii prowincji \u201eRioplatense\u201d \u015bw. Antoniego z Padwy w Argentynie i Urugwaju w Buenos Aires: fr. Marcos A. QUESADA NAVARRO (Kostaryka), fr. Jacek LISOWSKI (Peru), fr. Elio ROJAS (Argentyna), fr. Rub\u00e9n MART\u00cdNEZ HERN\u00c1NDEZ (Meksyk), fr. Arnaldo C. ROCHA (Brazylia), fr. Jair del Cristo CONTRERAS L\u00c1ZARO (Kolumbia) i przewodnicz\u0105cy federacji fr. Sidifredo de la Cruz CHAPARRO GUALDR\u00d3N. Asystent generalny FALC fr. Rog\u00e9rio PEREIRA XAVIER po\u0142\u0105czy\u0142 si\u0119 online. W dniu 9 lipca kr\u00f3tk\u0105 wizyt\u0119 z\u0142o\u017cy\u0142 minister generalny fr. Carlos A. TROVARELLI, kt\u00f3ry pozdrowi\u0142 uczestnik\u00f3w i podda\u0142 kilka sugestii dotycz\u0105cych wznowienia tego typu pos\u0142ugi.<br \/>\nMiReFALC chce nadal wnosi\u0107 znacz\u0105cy wk\u0142ad do federacji i Zakonu. Pierwsze po czterech latach spotkanie mia\u0142o na celu ustalenie kalendarza dzia\u0142a\u0144 oraz okre\u015blenie podej\u015bcia i metodologii, jakie maj\u0105 by\u0107 stosowane. Pragnieniem zespo\u0142u roboczego jest zaoferowanie przestrzeni i zasob\u00f3w, aby zach\u0119ci\u0107 do g\u0142\u0119bokich i znacz\u0105cych refleksji, a w tym mo\u017cna liczy\u0107 na wsp\u00f3\u0142braci z federacji, wykszta\u0142conych w r\u00f3\u017cnych dziedzinach wiedzy, oraz na go\u015bci z zewn\u0105trz, kt\u00f3rych wk\u0142ad wzbogaci t\u0119 pos\u0142ug\u0119.<br \/>\nNa koniec nale\u017cy podkre\u015bli\u0107 braterskie przyj\u0119cie ze strony prowincji \u201eRioplatense\u201d, zw\u0142aszcza ministra prowincjalnego fr. Javier A. FONTANA i wsp\u00f3\u0142braci zaanga\u017cowanych w zorganizowanie spotkania.<\/p>\n<p style=\"text-align: right;\">Fr. Sidifredo de la Cruz CHAPARRO GUALDR\u00d3N<\/p>\nngg_shortcode_0_placeholder\n","protected":false},"excerpt":{"rendered":"<p>\u201ePos\u0142uga refleksji Federaci\u00f3n Am\u00e9rica Latina Conventuales\u201d (MiReFALC) jest inicjatyw\u0105 braci mniejszych konwentualnych w Ameryce \u0141aci\u0144skiej i ma na celu, w ramach bogatej tradycji intelektualnej Zakonu, zaoferowanie inspiruj\u0105cej odpowiedzi na realia i potrzeby wsp\u00f3\u0142czesno\u015bci. Od 2007 r. celem MiReFALC jest oferowanie braciom z Ameryki \u0141aci\u0144skiej wynik\u00f3w ich spotka\u0144 poprzez publikowane teksty, odzwierciedlaj\u0105ce nie tylko indywidualne przemy\u015blenia [&hellip;]<\/p>\n","protected":false},"author":1,"featured_media":57595,"comment_status":"closed","ping_status":"open","sticky":false,"template":"","format":"standard","meta":{"ngg_post_thumbnail":0,"footnotes":""},"categories":[108,131,149],"tags":[1894,2519],"class_list":["post-57599","post","type-post","status-publish","format-standard","has-post-thumbnail","category-falc-pl","category-federacje","category-wiadomosci","tag-argentyna","tag-mirefalc-pl"],"_links":{"self":[{"href":"https:\/\/www.ofmconv.net\/pl\/wp-json\/wp\/v2\/posts\/57599","targetHints":{"allow":["GET"]}}],"collection":[{"href":"https:\/\/www.ofmconv.net\/pl\/wp-json\/wp\/v2\/posts"}],"about":[{"href":"https:\/\/www.ofmconv.net\/pl\/wp-json\/wp\/v2\/types\/post"}],"author":[{"embeddable":true,"href":"https:\/\/www.ofmconv.net\/pl\/wp-json\/wp\/v2\/users\/1"}],"replies":[{"embeddable":true,"href":"https:\/\/www.ofmconv.net\/pl\/wp-json\/wp\/v2\/comments?post=57599"}],"version-history":[{"count":0,"href":"https:\/\/www.ofmconv.net\/pl\/wp-json\/wp\/v2\/posts\/57599\/revisions"}],"wp:featuredmedia":[{"embeddable":true,"href":"https:\/\/www.ofmconv.net\/pl\/wp-json\/wp\/v2\/media\/57595"}],"wp:attachment":[{"href":"https:\/\/www.ofmconv.net\/pl\/wp-json\/wp\/v2\/media?parent=57599"}],"wp:term":[{"taxonomy":"category","embeddable":true,"href":"https:\/\/www.ofmconv.net\/pl\/wp-json\/wp\/v2\/categories?post=57599"},{"taxonomy":"post_tag","embeddable":true,"href":"https:\/\/www.ofmconv.net\/pl\/wp-json\/wp\/v2\/tags?post=57599"}],"curies":[{"name":"wp","href":"https:\/\/api.w.org\/{rel}","templated":true}]}}