{"id":58463,"date":"2023-08-30T13:51:54","date_gmt":"2023-08-30T11:51:54","guid":{"rendered":"https:\/\/ofmconv.net\/i-giovani-della-sicilia-per-la-cura-del-creato\/"},"modified":"2023-08-30T13:59:04","modified_gmt":"2023-08-30T11:59:04","slug":"i-giovani-della-sicilia-per-la-cura-del-creato","status":"publish","type":"post","link":"https:\/\/www.ofmconv.net\/pl\/i-giovani-della-sicilia-per-la-cura-del-creato\/","title":{"rendered":"M\u0142odzie\u017c Sycylii w\u00a0trosce o\u00a0stworzenie"},"content":{"rendered":"<p><strong>M\u0142odzie\u017c z Ko\u0142a <em>Laudato si&#8217;<\/em> Franciszka\u0144skiego Ruchu M\u0142odych, 31 lipca 2023 r. zaproponowa\u0142a w Marineo (Palermo) wydarzenie &#8222;List, zjednoczeni dla naszej matki ziemi&#8221; w celu zwi\u0119kszenia \u015bwiadomo\u015bci obywatelskiej w kwestiach \u015brodowiskowych i troski o nasz wsp\u00f3lny dom.<\/strong><\/p>\n<p>Pierwsza edycja, promowana przez braci z miejscowego klasztoru, zosta\u0142a zorganizowana 8 maja 2023 r. Wzi\u0119\u0142o w niej udzia\u0142 ponad stu uczestnik\u00f3w, w tej liczbie by\u0142 i burmistrz miasta i inni przedstawiciele administracji publicznej oraz stowarzysze\u0144 ko\u015bcielnych i franciszka\u0144skich. Przy tej okazji jednog\u0142o\u015bnie poproszono o powt\u00f3rzenie wydarzenia latem, dla szerszej publiczno\u015bci. W drugiej edycji wzi\u0119\u0142o udzia\u0142 ponad trzysta os\u00f3b, kt\u00f3re zgromadzi\u0142y si\u0119 we wspania\u0142ej scenerii XVI-wiecznego zamku.<br \/>\nCa\u0142a Sycylia, a w szczeg\u00f3lno\u015bci obszar metropolitalny Palermo, kt\u00f3rego cz\u0119\u015bci\u0105 jest Marineo, bardzo ucierpia\u0142a w lipcu 2023 r.. Odnotowano gwa\u0142towny wzrost temperatur, przekraczaj\u0105cych 47\u00b0 C, a to spowodowa\u0142o zniszczenia wywo\u0142ane przez liczne po\u017cary, kt\u00f3re opr\u00f3cz \u015brodowiska le\u015bnego zniszczy\u0142y ot chocia\u017cby zabytkowy XV-wieczny ko\u015bci\u00f3\u0142 franciszka\u0144ski, w kt\u00f3rym przechowywane by\u0142y szcz\u0105tki dw\u00f3ch \u015bwi\u0119tych franciszka\u0144skich: \u015bw. Benedykta z San Fratello (znanego jako &#8222;Maur&#8221;) i b\u0142ogos\u0142awionego biskupa Mateusza z Agrigento. Sta\u0142o si\u0119 to, podczas gdy ekstremalne burze i gradobicia pustoszy\u0142y i rzuca\u0142y na kolana p\u00f3\u0142noce W\u0142ochy.<br \/>\nBezpo\u015brednie do\u015bwiadczenia zwi\u0105zane z konsekwencjami zmian klimatycznych, kt\u00f3re wp\u0142ywaj\u0105 na ca\u0142y basen Morza \u015ar\u00f3dziemnego, zwi\u0119kszaj\u0105 zainteresowanie ludzi kwestiami \u015brodowiskowymi. Obecnie wp\u0142ywaj\u0105 one na te obszary globu, kt\u00f3re &#8211; pomimo alarm\u00f3w og\u0142oszonych przez spo\u0142eczno\u015b\u0107 naukow\u0105 jaki\u015b czas temu &#8211; do niedawna uwa\u017cano za prawie odporne na zmiany klimatyczne i wylesianie.<br \/>\nBy\u0107 mo\u017ce r\u00f3wnie\u017c z tego powodu zaanga\u017cowanie m\u0142odych ludzi z Franciszka\u0144skiego Ruchu M\u0142odych, wspieranych przez braci z Prowincji \u015awi\u0119tych Agaty i \u0141ucji we W\u0142oszech (Sycylia) oraz z Kustodii Prowincjalnej \u015awi\u0119tych Daniela i Towarzyszy M\u0119czennik\u00f3w we W\u0142oszech (Kalabria), zwi\u0119kszy\u0142o ilo\u015b\u0107 pr\u00f3\u015bb od lokalnych stowarzysze\u0144 i wsp\u00f3lnot o promowanie podobnych wydarze\u0144 podnosz\u0105cych \u015bwiadomo\u015b\u0107 ekologiczn\u0105 i w innych miastach. W nadchodz\u0105cych miesi\u0105cach zaplanowano ju\u017c cztery kolejne wydarzenia w czterech miastach na wyspie. Planowane s\u0105 inicjatywy z udzia\u0142em m\u0142odych ludzi ze szk\u00f3\u0142 i stowarzysze\u0144 ko\u015bcielnych, z kt\u00f3rymi Franciszka\u0144ski Ruch M\u0142odych zamierza nawi\u0105za\u0107 relacje, wychodz\u0105c od ich szczeg\u00f3lnej wra\u017cliwo\u015bci na kwestie zwi\u0105zane z ochron\u0105 \u015brodowiska. Opr\u00f3cz tych wydarze\u0144 podnosz\u0105cych \u015bwiadomo\u015b\u0107, planowane s\u0105 inicjatywy sprz\u0105tania plastiku i innych odpad\u00f3w oraz sadzenia drzew na niekt\u00f3rych obszarach dotkni\u0119tych po\u017carami, jak to ju\u017c mia\u0142o miejsce 1 maja 2023 r. we franciszka\u0144skiej oazie Pergusa (Enna). S\u0105 to okazje do budowania most\u00f3w braterstwa mi\u0119dzy m\u0142odymi lud\u017ami w imi\u0119 siostry naszej matki ziemi.<\/p>\n<p style=\"text-align: right;\">M\u0142odzie\u017c z Ko\u0142a <em>Laudato si&#8217;<\/em><\/p>\nngg_shortcode_0_placeholder\n","protected":false},"excerpt":{"rendered":"<p>M\u0142odzie\u017c z Ko\u0142a Laudato si&#8217; Franciszka\u0144skiego Ruchu M\u0142odych, 31 lipca 2023 r. zaproponowa\u0142a w Marineo (Palermo) wydarzenie &#8222;List, zjednoczeni dla naszej matki ziemi&#8221; w celu zwi\u0119kszenia \u015bwiadomo\u015bci obywatelskiej w kwestiach \u015brodowiskowych i troski o nasz wsp\u00f3lny dom. Pierwsza edycja, promowana przez braci z miejscowego klasztoru, zosta\u0142a zorganizowana 8 maja 2023 r. Wzi\u0119\u0142o w niej udzia\u0142 [&hellip;]<\/p>\n","protected":false},"author":1,"featured_media":58459,"comment_status":"closed","ping_status":"open","sticky":false,"template":"","format":"standard","meta":{"ngg_post_thumbnail":0,"footnotes":""},"categories":[131,118,149],"tags":[1171,1916],"class_list":["post-58463","post","type-post","status-publish","format-standard","has-post-thumbnail","category-federacje","category-fimp-pl","category-wiadomosci","tag-mlodziez","tag-wlochy-sycylia"],"_links":{"self":[{"href":"https:\/\/www.ofmconv.net\/pl\/wp-json\/wp\/v2\/posts\/58463","targetHints":{"allow":["GET"]}}],"collection":[{"href":"https:\/\/www.ofmconv.net\/pl\/wp-json\/wp\/v2\/posts"}],"about":[{"href":"https:\/\/www.ofmconv.net\/pl\/wp-json\/wp\/v2\/types\/post"}],"author":[{"embeddable":true,"href":"https:\/\/www.ofmconv.net\/pl\/wp-json\/wp\/v2\/users\/1"}],"replies":[{"embeddable":true,"href":"https:\/\/www.ofmconv.net\/pl\/wp-json\/wp\/v2\/comments?post=58463"}],"version-history":[{"count":0,"href":"https:\/\/www.ofmconv.net\/pl\/wp-json\/wp\/v2\/posts\/58463\/revisions"}],"wp:featuredmedia":[{"embeddable":true,"href":"https:\/\/www.ofmconv.net\/pl\/wp-json\/wp\/v2\/media\/58459"}],"wp:attachment":[{"href":"https:\/\/www.ofmconv.net\/pl\/wp-json\/wp\/v2\/media?parent=58463"}],"wp:term":[{"taxonomy":"category","embeddable":true,"href":"https:\/\/www.ofmconv.net\/pl\/wp-json\/wp\/v2\/categories?post=58463"},{"taxonomy":"post_tag","embeddable":true,"href":"https:\/\/www.ofmconv.net\/pl\/wp-json\/wp\/v2\/tags?post=58463"}],"curies":[{"name":"wp","href":"https:\/\/api.w.org\/{rel}","templated":true}]}}